{"id":15580,"date":"2024-10-02T09:34:56","date_gmt":"2024-10-02T07:34:56","guid":{"rendered":"https:\/\/comoacqua.it\/?p=15580"},"modified":"2025-07-11T07:16:38","modified_gmt":"2025-07-11T07:16:38","slug":"signed-a-memorandum-of-understanding-between-the-provinces-of-como-and-lecco-the-basin-authority-of-the-lario-and-minor-lakes-como-water-lario-reti-holding-and-the-aeronaval-operational-department-of","status":"publish","type":"post","link":"https:\/\/comoacqua.it\/en\/comunicati-stampa\/firmato-un-protocollo-dintesa-tra-le-province-di-como-e-lecco-lautorita-di-bacino-del-lario-e-dei-laghi-minori-como-acqua-lario-reti-holding-e-il-reparto-operativo-aeronavale-dell\/","title":{"rendered":"Firmato un protocollo d\u2019intesa tra le Province di Como e Lecco, l\u2019Autorit\u00e0 di Bacino del Lario e dei Laghi minori, Como Acqua, Lario Reti Holding e il Reparto Operativo Aeronavale della Guardia di Finanza di Como per salvaguardare le acque del Lago di Como dall\u2019inquinamento"},"content":{"rendered":"<p class=\"\">Le Province di Como e Lecco, l\u2019Autorit\u00e0 di Bacino del Lario e dei Laghi minori, Como Acqua S.r.L., Lario Reti Holding S.p.A. e il Reparto Operativo Aeronavale della Guardia di Finanza di Como hanno firmato un protocollo d\u2019intesa finalizzato a salvaguardare il Lago di Como dall\u2019inquinamento.<\/p>\n\n\n\n<p class=\"\">Si tratta di un innovativo accordo, unico nel suo genere, che si pone l\u2019ambizioso obiettivo di migliorare indirettamente la qualit\u00e0 delle acque del Lario, attraverso la prevenzione e la verifica congiunta delle situazioni di criticit\u00e0 relative alle reti fognarie.<\/p>\n\n\n\n<figure class=\"wp-block-image size-full\"><img decoding=\"async\" src=\"https:\/\/comoacqua.it\/app\/uploads\/2024\/10\/foto-1.jpg\" alt=\"\" class=\"wp-image-15581\"\/><\/figure>\n\n\n\n<p class=\"\">Per l\u2019attivit\u00e0 di collaborazione, le Province di Como e Lecco forniranno un primo supporto tecnico alla Guardia di Finanza, fornendo le informazioni disponibili nelle relative banche dati, su richiesta del Corpo, principalmente nei casi d\u2019individuazione di tubazioni a Lago collegate a scarichi oppure prelievi di acqua, al fine di verificarne lo stato autorizzativo vigente nonch\u00e9 indirizzarne l\u2019accertamento in corso, nei casi di scarico abusivo oppure di prelievo di acqua non autorizzato. Le Province potranno, inoltre, essere supportate dal Reparto Operativo Aeronavale della Guardia di Finanza di Como nei casi in cui sia necessario un approfondimento operativo su situazioni critiche in atto, mediante sopralluoghi.<\/p>\n\n\n\n<p class=\"\">Como Acqua S.r.L. and Lario Reti Holding S.p.A. will provide data, news, information, technical support and context analysis to define situations of sewer networks not shown on the maps or not authorized, also in order to census unknown artifacts.<\/p>\n\n\n\n<figure class=\"wp-block-image size-full\"><img decoding=\"async\" src=\"https:\/\/comoacqua.it\/app\/uploads\/2024\/10\/foto-3.jpg\" alt=\"\" class=\"wp-image-15582\"\/><\/figure>\n\n\n\n<p class=\"\">La Guardia di Finanza assicurer\u00e0, invece, assistenza via terra o via lago nei sopralluoghi e controlli congiunti finalizzati a una pi\u00f9 precisa conoscenza delle situazioni delle reti fognarie. Il Corpo potr\u00e0 inoltre utilizzare, nell\u2019ambito dei propri compiti d\u2019istituto, i dati e gli elementi acquisiti per orientare e rafforzare l\u2019azione di prevenzione, ricerca e repressione degli illeciti economici e finanziari in danno del bilancio degli Enti locali, dello Stato e dell\u2019Unione Europea, oltre che per le finalit\u00e0 di tutela dell\u2019ambiente e delle acque dall\u2019inquinamento. Nel rispetto delle norme sul segreto investigativo, la Guardia di Finanza potr\u00e0 successivamente condividere con i firmatari della convenzione le risultanze emerse all\u2019esito dei propri interventi.<\/p>\n\n\n\n<figure class=\"wp-block-image size-full\"><img decoding=\"async\" src=\"https:\/\/comoacqua.it\/app\/uploads\/2024\/10\/foto-2.jpg\" alt=\"\" class=\"wp-image-15583\"\/><\/figure>\n\n\n\n<p class=\"\">\u00c8 prevista anche la possibilit\u00e0 di promuovere e organizzare riunioni e appositi tavoli tecnici per condividere <em>input<\/em> informativi qualificati, acquisiti e selezionati nello svolgimento delle ordinarie attivit\u00e0.<\/p>\n\n\n\n<p class=\"\">L\u2019accordo siglato vuole essere un modello di cooperazione nell\u2019interesse della collettivit\u00e0 e a difesa della risorsa lacuale, che va preservata, custodita e difesa da ogni forma d\u2019illecito.<\/p>","protected":false},"excerpt":{"rendered":"<p>Le Province di Como e Lecco, l\u2019Autorit\u00e0 di Bacino del Lario e dei Laghi minori, Como Acqua S.r.L., Lario Reti Holding S.p.A. e il Reparto Operativo Aeronavale della Guardia di Finanza di Como hanno firmato un protocollo d\u2019intesa finalizzato a salvaguardare il Lago di Como dall\u2019inquinamento. Si tratta di un innovativo accordo, unico nel suo [&hellip;]<\/p>\n","protected":false},"author":4,"featured_media":19158,"comment_status":"open","ping_status":"open","sticky":false,"template":"","format":"standard","meta":{"_acf_changed":false,"footnotes":""},"categories":[178],"tags":[],"class_list":["post-15580","post","type-post","status-publish","format-standard","has-post-thumbnail","hentry","category-comunicati-stampa","entry"],"acf":[],"yoast_head":"<!-- This site is optimized with the Yoast SEO plugin v27.5 - https:\/\/yoast.com\/product\/yoast-seo-wordpress\/ -->\n<title>Firmato un protocollo d\u2019intesa tra le Province di Como e Lecco, l\u2019Autorit\u00e0 di Bacino del Lario e dei Laghi minori, Como Acqua, Lario Reti Holding e il Reparto Operativo Aeronavale della Guardia di Finanza di Como per salvaguardare le acque del Lago di Como dall\u2019inquinamento | ComoAcqua<\/title>\n<meta name=\"robots\" content=\"index, follow, max-snippet:-1, max-image-preview:large, max-video-preview:-1\" \/>\n<link rel=\"canonical\" href=\"https:\/\/comoacqua.it\/en\/press-releases\/signed-a-memorandum-of-understanding-between-the-provinces-of-como-and-lecco-the-basin-authority-of-the-lario-and-minor-lakes-como-water-lario-reti-holding-and-the-aeronaval-operational-department-of\/\" \/>\n<meta property=\"og:locale\" content=\"en_US\" \/>\n<meta property=\"og:type\" content=\"article\" \/>\n<meta property=\"og:title\" content=\"Firmato un protocollo d\u2019intesa tra le Province di Como e Lecco, l\u2019Autorit\u00e0 di Bacino del Lario e dei Laghi minori, Como Acqua, Lario Reti Holding e il Reparto Operativo Aeronavale della Guardia di Finanza di Como per salvaguardare le acque del Lago di Como dall\u2019inquinamento | ComoAcqua\" \/>\n<meta property=\"og:description\" content=\"Le Province di Como e Lecco, l\u2019Autorit\u00e0 di Bacino del Lario e dei Laghi minori, Como Acqua S.r.L., Lario Reti Holding S.p.A. e il Reparto Operativo Aeronavale della Guardia di Finanza di Como hanno firmato un protocollo d\u2019intesa finalizzato a salvaguardare il Lago di Como dall\u2019inquinamento. Si tratta di un innovativo accordo, unico nel suo [&hellip;]\" \/>\n<meta property=\"og:url\" content=\"https:\/\/comoacqua.it\/en\/press-releases\/signed-a-memorandum-of-understanding-between-the-provinces-of-como-and-lecco-the-basin-authority-of-the-lario-and-minor-lakes-como-water-lario-reti-holding-and-the-aeronaval-operational-department-of\/\" \/>\n<meta property=\"og:site_name\" content=\"ComoAcqua\" \/>\n<meta property=\"article:publisher\" content=\"https:\/\/www.facebook.com\/ComoAcquaSrl\" \/>\n<meta property=\"article:published_time\" content=\"2024-10-02T07:34:56+00:00\" \/>\n<meta property=\"article:modified_time\" content=\"2025-07-11T07:16:38+00:00\" \/>\n<meta property=\"og:image\" content=\"https:\/\/comoacqua.it\/wp-content\/uploads\/2025\/07\/GuardiaFinanza-1024x768.jpg\" \/>\n\t<meta property=\"og:image:width\" content=\"1024\" \/>\n\t<meta property=\"og:image:height\" content=\"768\" \/>\n\t<meta property=\"og:image:type\" content=\"image\/jpeg\" \/>\n<meta name=\"author\" content=\"Francesca\" \/>\n<meta name=\"twitter:card\" content=\"summary_large_image\" \/>\n<meta name=\"twitter:label1\" content=\"Written by\" \/>\n\t<meta name=\"twitter:data1\" content=\"Francesca\" \/>\n\t<meta name=\"twitter:label2\" content=\"Est. reading time\" \/>\n\t<meta name=\"twitter:data2\" content=\"3 minutes\" \/>\n<script type=\"application\/ld+json\" class=\"yoast-schema-graph\">{\"@context\":\"https:\\\/\\\/schema.org\",\"@graph\":[{\"@type\":\"Article\",\"@id\":\"https:\\\/\\\/comoacqua.it\\\/comunicati-stampa\\\/firmato-un-protocollo-dintesa-tra-le-province-di-como-e-lecco-lautorita-di-bacino-del-lario-e-dei-laghi-minori-como-acqua-lario-reti-holding-e-il-reparto-operativo-aeronavale-dell\\\/#article\",\"isPartOf\":{\"@id\":\"https:\\\/\\\/comoacqua.it\\\/comunicati-stampa\\\/firmato-un-protocollo-dintesa-tra-le-province-di-como-e-lecco-lautorita-di-bacino-del-lario-e-dei-laghi-minori-como-acqua-lario-reti-holding-e-il-reparto-operativo-aeronavale-dell\\\/\"},\"author\":{\"name\":\"Francesca\",\"@id\":\"https:\\\/\\\/comoacqua.it\\\/#\\\/schema\\\/person\\\/b01b84de63809668c26a3845c1ebec10\"},\"headline\":\"Firmato un protocollo d\u2019intesa tra le Province di Como e Lecco, l\u2019Autorit\u00e0 di Bacino del Lario e dei Laghi minori, Como Acqua, Lario Reti Holding e il Reparto Operativo Aeronavale della Guardia di Finanza di Como per salvaguardare le acque del Lago di Como dall\u2019inquinamento\",\"datePublished\":\"2024-10-02T07:34:56+00:00\",\"dateModified\":\"2025-07-11T07:16:38+00:00\",\"mainEntityOfPage\":{\"@id\":\"https:\\\/\\\/comoacqua.it\\\/comunicati-stampa\\\/firmato-un-protocollo-dintesa-tra-le-province-di-como-e-lecco-lautorita-di-bacino-del-lario-e-dei-laghi-minori-como-acqua-lario-reti-holding-e-il-reparto-operativo-aeronavale-dell\\\/\"},\"wordCount\":461,\"commentCount\":0,\"publisher\":{\"@id\":\"https:\\\/\\\/comoacqua.it\\\/#organization\"},\"image\":{\"@id\":\"https:\\\/\\\/comoacqua.it\\\/comunicati-stampa\\\/firmato-un-protocollo-dintesa-tra-le-province-di-como-e-lecco-lautorita-di-bacino-del-lario-e-dei-laghi-minori-como-acqua-lario-reti-holding-e-il-reparto-operativo-aeronavale-dell\\\/#primaryimage\"},\"thumbnailUrl\":\"https:\\\/\\\/comoacqua.it\\\/wp-content\\\/uploads\\\/2025\\\/07\\\/GuardiaFinanza.jpg\",\"articleSection\":[\"Comunicati Stampa\"],\"inLanguage\":\"en-US\",\"potentialAction\":[{\"@type\":\"CommentAction\",\"name\":\"Comment\",\"target\":[\"https:\\\/\\\/comoacqua.it\\\/comunicati-stampa\\\/firmato-un-protocollo-dintesa-tra-le-province-di-como-e-lecco-lautorita-di-bacino-del-lario-e-dei-laghi-minori-como-acqua-lario-reti-holding-e-il-reparto-operativo-aeronavale-dell\\\/#respond\"]}]},{\"@type\":\"WebPage\",\"@id\":\"https:\\\/\\\/comoacqua.it\\\/comunicati-stampa\\\/firmato-un-protocollo-dintesa-tra-le-province-di-como-e-lecco-lautorita-di-bacino-del-lario-e-dei-laghi-minori-como-acqua-lario-reti-holding-e-il-reparto-operativo-aeronavale-dell\\\/\",\"url\":\"https:\\\/\\\/comoacqua.it\\\/comunicati-stampa\\\/firmato-un-protocollo-dintesa-tra-le-province-di-como-e-lecco-lautorita-di-bacino-del-lario-e-dei-laghi-minori-como-acqua-lario-reti-holding-e-il-reparto-operativo-aeronavale-dell\\\/\",\"name\":\"Firmato un protocollo d\u2019intesa tra le Province di Como e Lecco, l\u2019Autorit\u00e0 di Bacino del Lario e dei Laghi minori, Como Acqua, Lario Reti Holding e il Reparto Operativo Aeronavale della Guardia di Finanza di Como per salvaguardare le acque del Lago di Como dall\u2019inquinamento | ComoAcqua\",\"isPartOf\":{\"@id\":\"https:\\\/\\\/comoacqua.it\\\/#website\"},\"primaryImageOfPage\":{\"@id\":\"https:\\\/\\\/comoacqua.it\\\/comunicati-stampa\\\/firmato-un-protocollo-dintesa-tra-le-province-di-como-e-lecco-lautorita-di-bacino-del-lario-e-dei-laghi-minori-como-acqua-lario-reti-holding-e-il-reparto-operativo-aeronavale-dell\\\/#primaryimage\"},\"image\":{\"@id\":\"https:\\\/\\\/comoacqua.it\\\/comunicati-stampa\\\/firmato-un-protocollo-dintesa-tra-le-province-di-como-e-lecco-lautorita-di-bacino-del-lario-e-dei-laghi-minori-como-acqua-lario-reti-holding-e-il-reparto-operativo-aeronavale-dell\\\/#primaryimage\"},\"thumbnailUrl\":\"https:\\\/\\\/comoacqua.it\\\/wp-content\\\/uploads\\\/2025\\\/07\\\/GuardiaFinanza.jpg\",\"datePublished\":\"2024-10-02T07:34:56+00:00\",\"dateModified\":\"2025-07-11T07:16:38+00:00\",\"breadcrumb\":{\"@id\":\"https:\\\/\\\/comoacqua.it\\\/comunicati-stampa\\\/firmato-un-protocollo-dintesa-tra-le-province-di-como-e-lecco-lautorita-di-bacino-del-lario-e-dei-laghi-minori-como-acqua-lario-reti-holding-e-il-reparto-operativo-aeronavale-dell\\\/#breadcrumb\"},\"inLanguage\":\"en-US\",\"potentialAction\":[{\"@type\":\"ReadAction\",\"target\":[\"https:\\\/\\\/comoacqua.it\\\/comunicati-stampa\\\/firmato-un-protocollo-dintesa-tra-le-province-di-como-e-lecco-lautorita-di-bacino-del-lario-e-dei-laghi-minori-como-acqua-lario-reti-holding-e-il-reparto-operativo-aeronavale-dell\\\/\"]}]},{\"@type\":\"ImageObject\",\"inLanguage\":\"en-US\",\"@id\":\"https:\\\/\\\/comoacqua.it\\\/comunicati-stampa\\\/firmato-un-protocollo-dintesa-tra-le-province-di-como-e-lecco-lautorita-di-bacino-del-lario-e-dei-laghi-minori-como-acqua-lario-reti-holding-e-il-reparto-operativo-aeronavale-dell\\\/#primaryimage\",\"url\":\"https:\\\/\\\/comoacqua.it\\\/wp-content\\\/uploads\\\/2025\\\/07\\\/GuardiaFinanza.jpg\",\"contentUrl\":\"https:\\\/\\\/comoacqua.it\\\/wp-content\\\/uploads\\\/2025\\\/07\\\/GuardiaFinanza.jpg\",\"width\":9968,\"height\":7476},{\"@type\":\"BreadcrumbList\",\"@id\":\"https:\\\/\\\/comoacqua.it\\\/comunicati-stampa\\\/firmato-un-protocollo-dintesa-tra-le-province-di-como-e-lecco-lautorita-di-bacino-del-lario-e-dei-laghi-minori-como-acqua-lario-reti-holding-e-il-reparto-operativo-aeronavale-dell\\\/#breadcrumb\",\"itemListElement\":[{\"@type\":\"ListItem\",\"position\":1,\"name\":\"Home\",\"item\":\"https:\\\/\\\/comoacqua.it\\\/\"},{\"@type\":\"ListItem\",\"position\":2,\"name\":\"Firmato un protocollo d\u2019intesa tra le Province di Como e Lecco, l\u2019Autorit\u00e0 di Bacino del Lario e dei Laghi minori, Como Acqua, Lario Reti Holding e il Reparto Operativo Aeronavale della Guardia di Finanza di Como per salvaguardare le acque del Lago di Como dall\u2019inquinamento\"}]},{\"@type\":\"WebSite\",\"@id\":\"https:\\\/\\\/comoacqua.it\\\/#website\",\"url\":\"https:\\\/\\\/comoacqua.it\\\/\",\"name\":\"Como Acqua\",\"description\":\"\",\"publisher\":{\"@id\":\"https:\\\/\\\/comoacqua.it\\\/#organization\"},\"potentialAction\":[{\"@type\":\"SearchAction\",\"target\":{\"@type\":\"EntryPoint\",\"urlTemplate\":\"https:\\\/\\\/comoacqua.it\\\/?s={search_term_string}\"},\"query-input\":{\"@type\":\"PropertyValueSpecification\",\"valueRequired\":true,\"valueName\":\"search_term_string\"}}],\"inLanguage\":\"en-US\"},{\"@type\":\"Organization\",\"@id\":\"https:\\\/\\\/comoacqua.it\\\/#organization\",\"name\":\"Como Acqua\",\"url\":\"https:\\\/\\\/comoacqua.it\\\/\",\"logo\":{\"@type\":\"ImageObject\",\"inLanguage\":\"en-US\",\"@id\":\"https:\\\/\\\/comoacqua.it\\\/#\\\/schema\\\/logo\\\/image\\\/\",\"url\":\"https:\\\/\\\/comoacqua.it\\\/wp-content\\\/uploads\\\/2025\\\/06\\\/favicon_como_acqua.png\",\"contentUrl\":\"https:\\\/\\\/comoacqua.it\\\/wp-content\\\/uploads\\\/2025\\\/06\\\/favicon_como_acqua.png\",\"width\":500,\"height\":500,\"caption\":\"Como Acqua\"},\"image\":{\"@id\":\"https:\\\/\\\/comoacqua.it\\\/#\\\/schema\\\/logo\\\/image\\\/\"},\"sameAs\":[\"https:\\\/\\\/www.facebook.com\\\/ComoAcquaSrl\",\"https:\\\/\\\/www.instagram.com\\\/comoacqua\\\/\",\"https:\\\/\\\/www.linkedin.com\\\/company\\\/como-acqua-srl\\\/\",\"https:\\\/\\\/www.youtube.com\\\/channel\\\/UC4_J4Hda70rY_REO8K5Ec8g\"]},{\"@type\":\"Person\",\"@id\":\"https:\\\/\\\/comoacqua.it\\\/#\\\/schema\\\/person\\\/b01b84de63809668c26a3845c1ebec10\",\"name\":\"Francesca\",\"image\":{\"@type\":\"ImageObject\",\"inLanguage\":\"en-US\",\"@id\":\"https:\\\/\\\/secure.gravatar.com\\\/avatar\\\/a122407ababb4fe7c485a5093fcff54d997eb8095ded214700caad42d7f422ea?s=96&d=mm&r=g\",\"url\":\"https:\\\/\\\/secure.gravatar.com\\\/avatar\\\/a122407ababb4fe7c485a5093fcff54d997eb8095ded214700caad42d7f422ea?s=96&d=mm&r=g\",\"contentUrl\":\"https:\\\/\\\/secure.gravatar.com\\\/avatar\\\/a122407ababb4fe7c485a5093fcff54d997eb8095ded214700caad42d7f422ea?s=96&d=mm&r=g\",\"caption\":\"Francesca\"}}]}<\/script>\n<!-- \/ Yoast SEO plugin. -->","yoast_head_json":{"title":"Memorandum of understanding signed between the provinces of Como and Lecco, the Lario and Minor Lakes Basin Authority, Como Acqua, Lario Reti Holding and the Air and Sea Operational Department of the Como Guardia di Finanza to safeguard the waters of Lake Como from pollution | ComoAcqua","robots":{"index":"index","follow":"follow","max-snippet":"max-snippet:-1","max-image-preview":"max-image-preview:large","max-video-preview":"max-video-preview:-1"},"canonical":"https:\/\/comoacqua.it\/en\/press-releases\/signed-a-memorandum-of-understanding-between-the-provinces-of-como-and-lecco-the-basin-authority-of-the-lario-and-minor-lakes-como-water-lario-reti-holding-and-the-aeronaval-operational-department-of\/","og_locale":"en_US","og_type":"article","og_title":"Firmato un protocollo d\u2019intesa tra le Province di Como e Lecco, l\u2019Autorit\u00e0 di Bacino del Lario e dei Laghi minori, Como Acqua, Lario Reti Holding e il Reparto Operativo Aeronavale della Guardia di Finanza di Como per salvaguardare le acque del Lago di Como dall\u2019inquinamento | ComoAcqua","og_description":"Le Province di Como e Lecco, l\u2019Autorit\u00e0 di Bacino del Lario e dei Laghi minori, Como Acqua S.r.L., Lario Reti Holding S.p.A. e il Reparto Operativo Aeronavale della Guardia di Finanza di Como hanno firmato un protocollo d\u2019intesa finalizzato a salvaguardare il Lago di Como dall\u2019inquinamento. Si tratta di un innovativo accordo, unico nel suo [&hellip;]","og_url":"https:\/\/comoacqua.it\/en\/press-releases\/signed-a-memorandum-of-understanding-between-the-provinces-of-como-and-lecco-the-basin-authority-of-the-lario-and-minor-lakes-como-water-lario-reti-holding-and-the-aeronaval-operational-department-of\/","og_site_name":"ComoAcqua","article_publisher":"https:\/\/www.facebook.com\/ComoAcquaSrl","article_published_time":"2024-10-02T07:34:56+00:00","article_modified_time":"2025-07-11T07:16:38+00:00","og_image":[{"width":1024,"height":768,"url":"https:\/\/comoacqua.it\/wp-content\/uploads\/2025\/07\/GuardiaFinanza-1024x768.jpg","type":"image\/jpeg"}],"author":"Francesca","twitter_card":"summary_large_image","twitter_misc":{"Written by":"Francesca","Est. reading time":"3 minutes"},"schema":{"@context":"https:\/\/schema.org","@graph":[{"@type":"Article","@id":"https:\/\/comoacqua.it\/comunicati-stampa\/firmato-un-protocollo-dintesa-tra-le-province-di-como-e-lecco-lautorita-di-bacino-del-lario-e-dei-laghi-minori-como-acqua-lario-reti-holding-e-il-reparto-operativo-aeronavale-dell\/#article","isPartOf":{"@id":"https:\/\/comoacqua.it\/comunicati-stampa\/firmato-un-protocollo-dintesa-tra-le-province-di-como-e-lecco-lautorita-di-bacino-del-lario-e-dei-laghi-minori-como-acqua-lario-reti-holding-e-il-reparto-operativo-aeronavale-dell\/"},"author":{"name":"Francesca","@id":"https:\/\/comoacqua.it\/#\/schema\/person\/b01b84de63809668c26a3845c1ebec10"},"headline":"Firmato un protocollo d\u2019intesa tra le Province di Como e Lecco, l\u2019Autorit\u00e0 di Bacino del Lario e dei Laghi minori, Como Acqua, Lario Reti Holding e il Reparto Operativo Aeronavale della Guardia di Finanza di Como per salvaguardare le acque del Lago di Como dall\u2019inquinamento","datePublished":"2024-10-02T07:34:56+00:00","dateModified":"2025-07-11T07:16:38+00:00","mainEntityOfPage":{"@id":"https:\/\/comoacqua.it\/comunicati-stampa\/firmato-un-protocollo-dintesa-tra-le-province-di-como-e-lecco-lautorita-di-bacino-del-lario-e-dei-laghi-minori-como-acqua-lario-reti-holding-e-il-reparto-operativo-aeronavale-dell\/"},"wordCount":461,"commentCount":0,"publisher":{"@id":"https:\/\/comoacqua.it\/#organization"},"image":{"@id":"https:\/\/comoacqua.it\/comunicati-stampa\/firmato-un-protocollo-dintesa-tra-le-province-di-como-e-lecco-lautorita-di-bacino-del-lario-e-dei-laghi-minori-como-acqua-lario-reti-holding-e-il-reparto-operativo-aeronavale-dell\/#primaryimage"},"thumbnailUrl":"https:\/\/comoacqua.it\/wp-content\/uploads\/2025\/07\/GuardiaFinanza.jpg","articleSection":["Comunicati Stampa"],"inLanguage":"en-US","potentialAction":[{"@type":"CommentAction","name":"Comment","target":["https:\/\/comoacqua.it\/comunicati-stampa\/firmato-un-protocollo-dintesa-tra-le-province-di-como-e-lecco-lautorita-di-bacino-del-lario-e-dei-laghi-minori-como-acqua-lario-reti-holding-e-il-reparto-operativo-aeronavale-dell\/#respond"]}]},{"@type":"WebPage","@id":"https:\/\/comoacqua.it\/comunicati-stampa\/firmato-un-protocollo-dintesa-tra-le-province-di-como-e-lecco-lautorita-di-bacino-del-lario-e-dei-laghi-minori-como-acqua-lario-reti-holding-e-il-reparto-operativo-aeronavale-dell\/","url":"https:\/\/comoacqua.it\/comunicati-stampa\/firmato-un-protocollo-dintesa-tra-le-province-di-como-e-lecco-lautorita-di-bacino-del-lario-e-dei-laghi-minori-como-acqua-lario-reti-holding-e-il-reparto-operativo-aeronavale-dell\/","name":"Memorandum of understanding signed between the provinces of Como and Lecco, the Lario and Minor Lakes Basin Authority, Como Acqua, Lario Reti Holding and the Air and Sea Operational Department of the Como Guardia di Finanza to safeguard the waters of Lake Como from pollution | ComoAcqua","isPartOf":{"@id":"https:\/\/comoacqua.it\/#website"},"primaryImageOfPage":{"@id":"https:\/\/comoacqua.it\/comunicati-stampa\/firmato-un-protocollo-dintesa-tra-le-province-di-como-e-lecco-lautorita-di-bacino-del-lario-e-dei-laghi-minori-como-acqua-lario-reti-holding-e-il-reparto-operativo-aeronavale-dell\/#primaryimage"},"image":{"@id":"https:\/\/comoacqua.it\/comunicati-stampa\/firmato-un-protocollo-dintesa-tra-le-province-di-como-e-lecco-lautorita-di-bacino-del-lario-e-dei-laghi-minori-como-acqua-lario-reti-holding-e-il-reparto-operativo-aeronavale-dell\/#primaryimage"},"thumbnailUrl":"https:\/\/comoacqua.it\/wp-content\/uploads\/2025\/07\/GuardiaFinanza.jpg","datePublished":"2024-10-02T07:34:56+00:00","dateModified":"2025-07-11T07:16:38+00:00","breadcrumb":{"@id":"https:\/\/comoacqua.it\/comunicati-stampa\/firmato-un-protocollo-dintesa-tra-le-province-di-como-e-lecco-lautorita-di-bacino-del-lario-e-dei-laghi-minori-como-acqua-lario-reti-holding-e-il-reparto-operativo-aeronavale-dell\/#breadcrumb"},"inLanguage":"en-US","potentialAction":[{"@type":"ReadAction","target":["https:\/\/comoacqua.it\/comunicati-stampa\/firmato-un-protocollo-dintesa-tra-le-province-di-como-e-lecco-lautorita-di-bacino-del-lario-e-dei-laghi-minori-como-acqua-lario-reti-holding-e-il-reparto-operativo-aeronavale-dell\/"]}]},{"@type":"ImageObject","inLanguage":"en-US","@id":"https:\/\/comoacqua.it\/comunicati-stampa\/firmato-un-protocollo-dintesa-tra-le-province-di-como-e-lecco-lautorita-di-bacino-del-lario-e-dei-laghi-minori-como-acqua-lario-reti-holding-e-il-reparto-operativo-aeronavale-dell\/#primaryimage","url":"https:\/\/comoacqua.it\/wp-content\/uploads\/2025\/07\/GuardiaFinanza.jpg","contentUrl":"https:\/\/comoacqua.it\/wp-content\/uploads\/2025\/07\/GuardiaFinanza.jpg","width":9968,"height":7476},{"@type":"BreadcrumbList","@id":"https:\/\/comoacqua.it\/comunicati-stampa\/firmato-un-protocollo-dintesa-tra-le-province-di-como-e-lecco-lautorita-di-bacino-del-lario-e-dei-laghi-minori-como-acqua-lario-reti-holding-e-il-reparto-operativo-aeronavale-dell\/#breadcrumb","itemListElement":[{"@type":"ListItem","position":1,"name":"Home","item":"https:\/\/comoacqua.it\/"},{"@type":"ListItem","position":2,"name":"Firmato un protocollo d\u2019intesa tra le Province di Como e Lecco, l\u2019Autorit\u00e0 di Bacino del Lario e dei Laghi minori, Como Acqua, Lario Reti Holding e il Reparto Operativo Aeronavale della Guardia di Finanza di Como per salvaguardare le acque del Lago di Como dall\u2019inquinamento"}]},{"@type":"WebSite","@id":"https:\/\/comoacqua.it\/#website","url":"https:\/\/comoacqua.it\/","name":"Como Water","description":"","publisher":{"@id":"https:\/\/comoacqua.it\/#organization"},"potentialAction":[{"@type":"SearchAction","target":{"@type":"EntryPoint","urlTemplate":"https:\/\/comoacqua.it\/?s={search_term_string}"},"query-input":{"@type":"PropertyValueSpecification","valueRequired":true,"valueName":"search_term_string"}}],"inLanguage":"en-US"},{"@type":"Organization","@id":"https:\/\/comoacqua.it\/#organization","name":"Como Water","url":"https:\/\/comoacqua.it\/","logo":{"@type":"ImageObject","inLanguage":"en-US","@id":"https:\/\/comoacqua.it\/#\/schema\/logo\/image\/","url":"https:\/\/comoacqua.it\/wp-content\/uploads\/2025\/06\/favicon_como_acqua.png","contentUrl":"https:\/\/comoacqua.it\/wp-content\/uploads\/2025\/06\/favicon_como_acqua.png","width":500,"height":500,"caption":"Como Acqua"},"image":{"@id":"https:\/\/comoacqua.it\/#\/schema\/logo\/image\/"},"sameAs":["https:\/\/www.facebook.com\/ComoAcquaSrl","https:\/\/www.instagram.com\/comoacqua\/","https:\/\/www.linkedin.com\/company\/como-acqua-srl\/","https:\/\/www.youtube.com\/channel\/UC4_J4Hda70rY_REO8K5Ec8g"]},{"@type":"Person","@id":"https:\/\/comoacqua.it\/#\/schema\/person\/b01b84de63809668c26a3845c1ebec10","name":"Francesca","image":{"@type":"ImageObject","inLanguage":"en-US","@id":"https:\/\/secure.gravatar.com\/avatar\/a122407ababb4fe7c485a5093fcff54d997eb8095ded214700caad42d7f422ea?s=96&d=mm&r=g","url":"https:\/\/secure.gravatar.com\/avatar\/a122407ababb4fe7c485a5093fcff54d997eb8095ded214700caad42d7f422ea?s=96&d=mm&r=g","contentUrl":"https:\/\/secure.gravatar.com\/avatar\/a122407ababb4fe7c485a5093fcff54d997eb8095ded214700caad42d7f422ea?s=96&d=mm&r=g","caption":"Francesca"}}]}},"_links":{"self":[{"href":"https:\/\/comoacqua.it\/en\/wp-json\/wp\/v2\/posts\/15580","targetHints":{"allow":["GET"]}}],"collection":[{"href":"https:\/\/comoacqua.it\/en\/wp-json\/wp\/v2\/posts"}],"about":[{"href":"https:\/\/comoacqua.it\/en\/wp-json\/wp\/v2\/types\/post"}],"author":[{"embeddable":true,"href":"https:\/\/comoacqua.it\/en\/wp-json\/wp\/v2\/users\/4"}],"replies":[{"embeddable":true,"href":"https:\/\/comoacqua.it\/en\/wp-json\/wp\/v2\/comments?post=15580"}],"version-history":[{"count":0,"href":"https:\/\/comoacqua.it\/en\/wp-json\/wp\/v2\/posts\/15580\/revisions"}],"wp:featuredmedia":[{"embeddable":true,"href":"https:\/\/comoacqua.it\/en\/wp-json\/wp\/v2\/media\/19158"}],"wp:attachment":[{"href":"https:\/\/comoacqua.it\/en\/wp-json\/wp\/v2\/media?parent=15580"}],"wp:term":[{"taxonomy":"category","embeddable":true,"href":"https:\/\/comoacqua.it\/en\/wp-json\/wp\/v2\/categories?post=15580"},{"taxonomy":"post_tag","embeddable":true,"href":"https:\/\/comoacqua.it\/en\/wp-json\/wp\/v2\/tags?post=15580"}],"curies":[{"name":"wp","href":"https:\/\/api.w.org\/{rel}","templated":true}]}}