{"id":13448,"date":"2023-06-01T09:15:10","date_gmt":"2023-06-01T07:15:10","guid":{"rendered":"https:\/\/comoacqua.it\/?p=13448"},"modified":"2023-06-01T09:15:10","modified_gmt":"2023-06-01T07:15:10","slug":"between-climate-and-humanitarian-crises-the-role-of-water-on-the-world-stage","status":"publish","type":"post","link":"https:\/\/comoacqua.it\/en\/comunicati-stampa\/tra-crisi-climatica-e-umanitaria-il-ruolo-dellacqua-sul-palcoscenico-mondiale\/","title":{"rendered":"BETWEEN CLIMATE and HUMANITARIAN CRISIS: the role of water on the world stage."},"content":{"rendered":"<p class=\"\"><strong><strong>Geopolitics featured at Villa Gallia during the conference organized by Como Acqua, Single Manager of the Integrated Water Service, with Minister Locatelli and prestigious experts in the field<\/strong><\/strong><\/p>\n\n\n\n<p class=\"\">Marted\u00ec 30 maggio alle ore 17 le porte di Villa Gallia si sono spalancate per accogliere il convegno organizzato da Como Acqua \u201cWATER WARS \u2013 L\u2019acqua come fonte di vita e causa di guerra\u201d.<\/p>\n\n\n\n<p class=\"\">L\u2019evento, promosso dal Gestore Unico del Servizio Idrico Integrato della Provincia di Como Acqua, apre la strada ai molteplici appuntamenti che la Societ\u00e0 comasca desidera organizzare per dialogare con i cittadini, interpretando in senso estensivo i doveri sociali impliciti nella sua fondamentale mission.<\/p>\n\n\n\n<p class=\"\">Al centro del dibattito, ovviamente l\u2019acqua e tutte le implicazioni e tensioni economiche, sociali, culturali ad essa legate. Del resto, si sta sempre pi\u00f9 affermando la tesi, supportata da ricerche e studi scientifici, che vede una connessione tra climate change, crescita demografica, diminuzione della risorsa idrica e il moltiplicarsi di conflitti, dall\u2019Ucraina all\u2019Africa. Un dramma dal quale nessuno pu\u00f2 sentirsi al riparo.<\/p>\n\n\n\n<p class=\"\">\u201c<em>La siccit\u00e0 che abbiamo conosciuto sia la scorsa estate, sia questo inverno, cos\u00ec come gli eventi alluvionali che hanno piegato l\u2019Emilia Romagna, pur nella loro diversit\u00e0 rappresentano due facce della medesima medaglia: il cambiamento climatico. Fenomeni estremi che ci lasciano disorientati e che richiedono, proprio per la loro complessit\u00e0, di essere interpretati, compresi e inseriti in un contesto che valichi i confini locali. Con questo convegno dal taglio inedito, si sono voluti portare argomenti attuali e non scontati all\u2019attenzione di un pubblico vasto ed eterogeneo, ribadendo la volont\u00e0 della Societ\u00e0 di accompagnare gli utenti in un percorso di sensibilizzazione e responsabilizzazione<\/em>\u201d spiega L\u2019Ing. Enrico Pezzoli, Presidente e AD di Como Acqua.<\/p>\n\n\n\n<p class=\"\">Come enunciato dall\u2019obiettivo 6 dell\u2019agenda ONU, garantire l\u2019accesso all\u2019acqua \u00e8 un impegno che le istituzioni devono assicurare perch\u00e9, anche grazie a ci\u00f2, si tutela la dignit\u00e0 delle persone. Proprio sul valore umano, sulla cura che la comunit\u00e0 tutta deve dimostrare ai pi\u00f9 fragili si \u00e8 concentrato l\u2019intervento di Alessandra Locatelli, ministro delle Disabilit\u00e0: \u201c<em>\u00c8 fondamentale che tutti, anche i pi\u00f9 piccoli, apprendano quanto i gesti, le azioni e gli impegni del singolo possano contribuire in maniera incisiva al benessere della collettivit\u00e0, soprattutto per gli strati pi\u00f9 fragili. Questa attenzione al prossimo \u00e8 la medesima che ci deve spingere a riservare attenzione all\u2019ambiente, un bene comune, e alle risorse ad esso collegate tra cui, la pi\u00f9 preziosa, l\u2019acqua<\/em>\u201d ha spiegato.<\/p>\n\n\n\n<p class=\"\">&nbsp;Viviamo grazie all\u2019acqua ma nel mondo \u2013 in oltre 200 localit\u00e0 diverse \u2013 di acqua si muore. E non intendiamo solo a causa della penuria della risorsa idrica ma anche a causa dei conflitti che si scatenano \u2013 pi\u00f9 o meno direttamente \u2013 per il controllo di questa. Come evidenziato da <strong>Maria Cristina Rulli<\/strong>, <strong>Professor of Water and Food Security<\/strong> presso il Politecnico di Milano, \u201c<em>si moltiplicano le aree \u2013 teatro di guerra \u2013 in cui la scarsit\u00e0 idrica si combina strettamente con l\u2019insufficienza alimentare. Questo nesso \u00e8 facilmente comprensibile: dove non si pu\u00f2 assicurare la sussistenza, la gestione dell\u2019acqua si rivela una ricchezza ma anche uno strumento di ricatto. Ecco allora che la storia, anche contemporanea, riporta di guerre combattute per il dominio di territori e delle risorse ad essi annessi. Quale risorsa pi\u00f9 importante, se non l\u2019acqua che \u00e8 vita, per controllare intere popolazioni?\u201d<\/em><\/p>\n\n\n\n<p class=\"\">Se \u00e8 vero che la prima guerra per l\u2019acqua \u00e8 stata combattuta ancora in epoca sumera, tra le citt\u00e0 di Urlama e quella di Unma, non molto \u00e8 cambiato fino ad oggi, come si pu\u00f2 constatare volgendo lo sguardo allo scenario ucraino.<\/p>\n\n\n\n<p class=\"\"><strong>Mirko Mussetti<\/strong>, <strong>Limes analyst<\/strong> &#8211;<strong> Italian journal of geopolitics<\/strong>, ha spiegato dettagliatamente in che modo \u201cl\u2019oro blu\u201d sia elemento nevralgico in tempi di pace, ma ancor pi\u00f9 in frangenti bellici: \u201c<em>In Ucraina l\u2019acqua \u00e8 tutto: elemento indispensabile per le coltivazioni, ma anche canale logistico per l\u2019export, fonte di ricchezza grazie alle riserve di idrocarburi nei fondali del mare antistante. La stessa risorsa per\u00f2 possiede anche un volto meno positivo, essendo un potenziale strumento di distruzione (nell\u2019ipotesi di abbattimento di dighe o paratie che potrebbero allagare intere citt\u00e0), un fattore di pericolo ambientale se contaminata, un elemento di allarme quando minaccia il corretto funzionamento delle centrali nucleari. Gi\u00e0 solo dalla complessit\u00e0 che emerge da questo scenario, ben si comprende come la guerra cui stiamo assistendo da oltre un anno abbia nella risorsa idrica un elemento centrale\u201d.<\/em><\/p>\n\n\n\n<p class=\"\">Il carattere di unicit\u00e0 di questo convegno passa, oltre che dal tema prescelto, l\u2019idropolitica, e dal panel trasversale di relatori che vi hanno partecipato, anche dalla raccolta fondi che Como Acqua ha presentato nel corso dell\u2019appuntamento. La Societ\u00e0 ha deciso di essere a fianco di Oxfam Italia nel progetto \u201cDona acqua, salva una vita\u201d, allo scopo di contribuire in maniera tempestiva e concreta a garantire l\u2019accesso all\u2019acqua per le popolazioni di Ucraina, Turchia, Siria e Corno d\u2019Africa.<\/p>\n\n\n\n<p class=\"\">\u201c<em>There are countries in the world<\/em> \u2013 riporta <strong>Sorinel Ghetau<\/strong>, <strong>Oxfam Italy Programs Director<\/strong> \u2013 <em>dove il diritto all\u2019acqua non viene minimamente rispettato. Che sia per motivi climatici come nel Corno d\u2019Africa, per disastri naturali come il terremoto in Turchia e Siria, o per una guerra come in Ucraina. Siamo portati a pensare che siano altri a doversene occupare, invece tutti possiamo dare il nostro contributo. Non potremmo fare nulla senza donatori privati, che siano singoli cittadini o aziende. \u00c8 importante parlarne, quindi ringrazio di cuore Como Acqua per averci coinvolto in questa iniziativa, quanto mai necessaria, e aver dato visibilit\u00e0 alla nostra raccolta fondi\u201d.<\/em><\/p>\n\n\n\n<p class=\"\"><strong><em>More information<\/em><\/strong><\/p>\n\n\n\n<p class=\"\"><em>Como Acqua sostiene il progetto \u201cDona Acqua, salva una vita\u201d. Qui trovi tutti i dettagli del progetto: <\/em><a href=\"https:\/\/www.oxfamitalia.org\/como-acqua\/?fbclid=IwAR1B41yW-EEez4EGOpgS-wKJrHO1gDDaABkp4mtHyFNo83hedI0kyq0D_80\" target=\"_blank\" rel=\"noreferrer noopener\"><em>https:\/\/www.oxfamitalia.org\/como-acqua\/<\/em><\/a><em>.<\/em><\/p>\n\n\n\n<p class=\"\"><em>Basta poco per contribuire: basti pensare che con 5 euro, \u00e8 possibile donare un recipiente per trasportare e conservare in modo pratico e sicuro l\u2019acqua purificata, a riparo da germi e batteri. Con 10 euro, si dona un Kit di emergenza completo ad una famiglia, che oltre alle bustine e al recipiente, contiene sapone disinfettante e detergenti, asciugamani e oggetti per la pulizia personale. Con 20 euro vengono donate bustine potabilizzanti per purificare 2000 litri di acqua, sufficienti al fabbisogno settimanale di una famiglia \u201cin emergenza\u201d, per bere, lavarsi e cucinare.<\/em><\/p>\n\n\n\n<p class=\"\"><em>La registrazione integrale del convegno sar\u00e0 pubblicata a breve sul canale You Tube di Como Acqua<\/em><\/p>","protected":false},"excerpt":{"rendered":"<p>La Geopolitica protagonista a Villa Gallia nel corso del convegno organizzato da Como Acqua, Gestore Unico del Servizio Idrico Integrato, con il ministro Locatelli e prestigiosi esperti del settore Marted\u00ec 30 maggio alle ore 17 le porte di Villa Gallia si sono spalancate per accogliere il convegno organizzato da Como Acqua \u201cWATER WARS \u2013 L\u2019acqua [&hellip;]<\/p>\n","protected":false},"author":4,"featured_media":13449,"comment_status":"open","ping_status":"open","sticky":false,"template":"","format":"standard","meta":{"_acf_changed":false,"footnotes":""},"categories":[178],"tags":[],"class_list":["post-13448","post","type-post","status-publish","format-standard","has-post-thumbnail","hentry","category-comunicati-stampa","entry"],"acf":[],"yoast_head":"<!-- This site is optimized with the Yoast SEO plugin v27.5 - https:\/\/yoast.com\/product\/yoast-seo-wordpress\/ -->\n<title>TRA CRISI CLIMATICA e UMANITARIA: il ruolo dell\u2019acqua sul palcoscenico mondiale | ComoAcqua<\/title>\n<meta name=\"robots\" content=\"index, follow, max-snippet:-1, max-image-preview:large, max-video-preview:-1\" \/>\n<link rel=\"canonical\" href=\"https:\/\/comoacqua.it\/en\/press-releases\/between-climate-and-humanitarian-crises-the-role-of-water-on-the-world-stage\/\" \/>\n<meta property=\"og:locale\" content=\"en_US\" \/>\n<meta property=\"og:type\" content=\"article\" \/>\n<meta property=\"og:title\" content=\"TRA CRISI CLIMATICA e UMANITARIA: il ruolo dell\u2019acqua sul palcoscenico mondiale | ComoAcqua\" \/>\n<meta property=\"og:description\" content=\"La Geopolitica protagonista a Villa Gallia nel corso del convegno organizzato da Como Acqua, Gestore Unico del Servizio Idrico Integrato, con il ministro Locatelli e prestigiosi esperti del settore Marted\u00ec 30 maggio alle ore 17 le porte di Villa Gallia si sono spalancate per accogliere il convegno organizzato da Como Acqua \u201cWATER WARS \u2013 L\u2019acqua [&hellip;]\" \/>\n<meta property=\"og:url\" content=\"https:\/\/comoacqua.it\/en\/press-releases\/between-climate-and-humanitarian-crises-the-role-of-water-on-the-world-stage\/\" \/>\n<meta property=\"og:site_name\" content=\"ComoAcqua\" \/>\n<meta property=\"article:publisher\" content=\"https:\/\/www.facebook.com\/ComoAcquaSrl\" \/>\n<meta property=\"article:published_time\" content=\"2023-06-01T07:15:10+00:00\" \/>\n<meta property=\"og:image\" content=\"https:\/\/comoacqua.it\/wp-content\/uploads\/2025\/07\/OG-image_1200x630-1.png\" \/>\n\t<meta property=\"og:image:width\" content=\"1200\" \/>\n\t<meta property=\"og:image:height\" content=\"630\" \/>\n\t<meta property=\"og:image:type\" content=\"image\/png\" \/>\n<meta name=\"author\" content=\"Francesca\" \/>\n<meta name=\"twitter:card\" content=\"summary_large_image\" \/>\n<meta name=\"twitter:label1\" content=\"Written by\" \/>\n\t<meta name=\"twitter:data1\" content=\"Francesca\" \/>\n\t<meta name=\"twitter:label2\" content=\"Est. reading time\" \/>\n\t<meta name=\"twitter:data2\" content=\"6 minutes\" \/>\n<script type=\"application\/ld+json\" class=\"yoast-schema-graph\">{\"@context\":\"https:\\\/\\\/schema.org\",\"@graph\":[{\"@type\":\"Article\",\"@id\":\"https:\\\/\\\/comoacqua.it\\\/comunicati-stampa\\\/tra-crisi-climatica-e-umanitaria-il-ruolo-dellacqua-sul-palcoscenico-mondiale\\\/#article\",\"isPartOf\":{\"@id\":\"https:\\\/\\\/comoacqua.it\\\/comunicati-stampa\\\/tra-crisi-climatica-e-umanitaria-il-ruolo-dellacqua-sul-palcoscenico-mondiale\\\/\"},\"author\":{\"name\":\"Francesca\",\"@id\":\"https:\\\/\\\/comoacqua.it\\\/#\\\/schema\\\/person\\\/b01b84de63809668c26a3845c1ebec10\"},\"headline\":\"TRA CRISI CLIMATICA e UMANITARIA: il ruolo dell\u2019acqua sul palcoscenico mondiale\",\"datePublished\":\"2023-06-01T07:15:10+00:00\",\"mainEntityOfPage\":{\"@id\":\"https:\\\/\\\/comoacqua.it\\\/comunicati-stampa\\\/tra-crisi-climatica-e-umanitaria-il-ruolo-dellacqua-sul-palcoscenico-mondiale\\\/\"},\"wordCount\":1050,\"commentCount\":0,\"publisher\":{\"@id\":\"https:\\\/\\\/comoacqua.it\\\/#organization\"},\"image\":{\"@id\":\"https:\\\/\\\/comoacqua.it\\\/comunicati-stampa\\\/tra-crisi-climatica-e-umanitaria-il-ruolo-dellacqua-sul-palcoscenico-mondiale\\\/#primaryimage\"},\"thumbnailUrl\":\"\",\"articleSection\":[\"Comunicati Stampa\"],\"inLanguage\":\"en-US\",\"potentialAction\":[{\"@type\":\"CommentAction\",\"name\":\"Comment\",\"target\":[\"https:\\\/\\\/comoacqua.it\\\/comunicati-stampa\\\/tra-crisi-climatica-e-umanitaria-il-ruolo-dellacqua-sul-palcoscenico-mondiale\\\/#respond\"]}]},{\"@type\":\"WebPage\",\"@id\":\"https:\\\/\\\/comoacqua.it\\\/comunicati-stampa\\\/tra-crisi-climatica-e-umanitaria-il-ruolo-dellacqua-sul-palcoscenico-mondiale\\\/\",\"url\":\"https:\\\/\\\/comoacqua.it\\\/comunicati-stampa\\\/tra-crisi-climatica-e-umanitaria-il-ruolo-dellacqua-sul-palcoscenico-mondiale\\\/\",\"name\":\"TRA CRISI CLIMATICA e UMANITARIA: il ruolo dell\u2019acqua sul palcoscenico mondiale | ComoAcqua\",\"isPartOf\":{\"@id\":\"https:\\\/\\\/comoacqua.it\\\/#website\"},\"primaryImageOfPage\":{\"@id\":\"https:\\\/\\\/comoacqua.it\\\/comunicati-stampa\\\/tra-crisi-climatica-e-umanitaria-il-ruolo-dellacqua-sul-palcoscenico-mondiale\\\/#primaryimage\"},\"image\":{\"@id\":\"https:\\\/\\\/comoacqua.it\\\/comunicati-stampa\\\/tra-crisi-climatica-e-umanitaria-il-ruolo-dellacqua-sul-palcoscenico-mondiale\\\/#primaryimage\"},\"thumbnailUrl\":\"\",\"datePublished\":\"2023-06-01T07:15:10+00:00\",\"breadcrumb\":{\"@id\":\"https:\\\/\\\/comoacqua.it\\\/comunicati-stampa\\\/tra-crisi-climatica-e-umanitaria-il-ruolo-dellacqua-sul-palcoscenico-mondiale\\\/#breadcrumb\"},\"inLanguage\":\"en-US\",\"potentialAction\":[{\"@type\":\"ReadAction\",\"target\":[\"https:\\\/\\\/comoacqua.it\\\/comunicati-stampa\\\/tra-crisi-climatica-e-umanitaria-il-ruolo-dellacqua-sul-palcoscenico-mondiale\\\/\"]}]},{\"@type\":\"ImageObject\",\"inLanguage\":\"en-US\",\"@id\":\"https:\\\/\\\/comoacqua.it\\\/comunicati-stampa\\\/tra-crisi-climatica-e-umanitaria-il-ruolo-dellacqua-sul-palcoscenico-mondiale\\\/#primaryimage\",\"url\":\"\",\"contentUrl\":\"\"},{\"@type\":\"BreadcrumbList\",\"@id\":\"https:\\\/\\\/comoacqua.it\\\/comunicati-stampa\\\/tra-crisi-climatica-e-umanitaria-il-ruolo-dellacqua-sul-palcoscenico-mondiale\\\/#breadcrumb\",\"itemListElement\":[{\"@type\":\"ListItem\",\"position\":1,\"name\":\"Home\",\"item\":\"https:\\\/\\\/comoacqua.it\\\/\"},{\"@type\":\"ListItem\",\"position\":2,\"name\":\"TRA CRISI CLIMATICA e UMANITARIA: il ruolo dell\u2019acqua sul palcoscenico mondiale\"}]},{\"@type\":\"WebSite\",\"@id\":\"https:\\\/\\\/comoacqua.it\\\/#website\",\"url\":\"https:\\\/\\\/comoacqua.it\\\/\",\"name\":\"Como Acqua\",\"description\":\"\",\"publisher\":{\"@id\":\"https:\\\/\\\/comoacqua.it\\\/#organization\"},\"potentialAction\":[{\"@type\":\"SearchAction\",\"target\":{\"@type\":\"EntryPoint\",\"urlTemplate\":\"https:\\\/\\\/comoacqua.it\\\/?s={search_term_string}\"},\"query-input\":{\"@type\":\"PropertyValueSpecification\",\"valueRequired\":true,\"valueName\":\"search_term_string\"}}],\"inLanguage\":\"en-US\"},{\"@type\":\"Organization\",\"@id\":\"https:\\\/\\\/comoacqua.it\\\/#organization\",\"name\":\"Como Acqua\",\"url\":\"https:\\\/\\\/comoacqua.it\\\/\",\"logo\":{\"@type\":\"ImageObject\",\"inLanguage\":\"en-US\",\"@id\":\"https:\\\/\\\/comoacqua.it\\\/#\\\/schema\\\/logo\\\/image\\\/\",\"url\":\"https:\\\/\\\/comoacqua.it\\\/wp-content\\\/uploads\\\/2025\\\/06\\\/favicon_como_acqua.png\",\"contentUrl\":\"https:\\\/\\\/comoacqua.it\\\/wp-content\\\/uploads\\\/2025\\\/06\\\/favicon_como_acqua.png\",\"width\":500,\"height\":500,\"caption\":\"Como Acqua\"},\"image\":{\"@id\":\"https:\\\/\\\/comoacqua.it\\\/#\\\/schema\\\/logo\\\/image\\\/\"},\"sameAs\":[\"https:\\\/\\\/www.facebook.com\\\/ComoAcquaSrl\",\"https:\\\/\\\/www.instagram.com\\\/comoacqua\\\/\",\"https:\\\/\\\/www.linkedin.com\\\/company\\\/como-acqua-srl\\\/\",\"https:\\\/\\\/www.youtube.com\\\/channel\\\/UC4_J4Hda70rY_REO8K5Ec8g\"]},{\"@type\":\"Person\",\"@id\":\"https:\\\/\\\/comoacqua.it\\\/#\\\/schema\\\/person\\\/b01b84de63809668c26a3845c1ebec10\",\"name\":\"Francesca\",\"image\":{\"@type\":\"ImageObject\",\"inLanguage\":\"en-US\",\"@id\":\"https:\\\/\\\/secure.gravatar.com\\\/avatar\\\/a122407ababb4fe7c485a5093fcff54d997eb8095ded214700caad42d7f422ea?s=96&d=mm&r=g\",\"url\":\"https:\\\/\\\/secure.gravatar.com\\\/avatar\\\/a122407ababb4fe7c485a5093fcff54d997eb8095ded214700caad42d7f422ea?s=96&d=mm&r=g\",\"contentUrl\":\"https:\\\/\\\/secure.gravatar.com\\\/avatar\\\/a122407ababb4fe7c485a5093fcff54d997eb8095ded214700caad42d7f422ea?s=96&d=mm&r=g\",\"caption\":\"Francesca\"}}]}<\/script>\n<!-- \/ Yoast SEO plugin. -->","yoast_head_json":{"title":"BETWEEN CLIMATE and HUMANITARIAN CRISIS: the role of water on the world stage | ComoAcqua","robots":{"index":"index","follow":"follow","max-snippet":"max-snippet:-1","max-image-preview":"max-image-preview:large","max-video-preview":"max-video-preview:-1"},"canonical":"https:\/\/comoacqua.it\/en\/press-releases\/between-climate-and-humanitarian-crises-the-role-of-water-on-the-world-stage\/","og_locale":"en_US","og_type":"article","og_title":"TRA CRISI CLIMATICA e UMANITARIA: il ruolo dell\u2019acqua sul palcoscenico mondiale | ComoAcqua","og_description":"La Geopolitica protagonista a Villa Gallia nel corso del convegno organizzato da Como Acqua, Gestore Unico del Servizio Idrico Integrato, con il ministro Locatelli e prestigiosi esperti del settore Marted\u00ec 30 maggio alle ore 17 le porte di Villa Gallia si sono spalancate per accogliere il convegno organizzato da Como Acqua \u201cWATER WARS \u2013 L\u2019acqua [&hellip;]","og_url":"https:\/\/comoacqua.it\/en\/press-releases\/between-climate-and-humanitarian-crises-the-role-of-water-on-the-world-stage\/","og_site_name":"ComoAcqua","article_publisher":"https:\/\/www.facebook.com\/ComoAcquaSrl","article_published_time":"2023-06-01T07:15:10+00:00","og_image":[{"width":1200,"height":630,"url":"https:\/\/comoacqua.it\/wp-content\/uploads\/2025\/07\/OG-image_1200x630-1.png","type":"image\/png"}],"author":"Francesca","twitter_card":"summary_large_image","twitter_misc":{"Written by":"Francesca","Est. reading time":"6 minutes"},"schema":{"@context":"https:\/\/schema.org","@graph":[{"@type":"Article","@id":"https:\/\/comoacqua.it\/comunicati-stampa\/tra-crisi-climatica-e-umanitaria-il-ruolo-dellacqua-sul-palcoscenico-mondiale\/#article","isPartOf":{"@id":"https:\/\/comoacqua.it\/comunicati-stampa\/tra-crisi-climatica-e-umanitaria-il-ruolo-dellacqua-sul-palcoscenico-mondiale\/"},"author":{"name":"Francesca","@id":"https:\/\/comoacqua.it\/#\/schema\/person\/b01b84de63809668c26a3845c1ebec10"},"headline":"TRA CRISI CLIMATICA e UMANITARIA: il ruolo dell\u2019acqua sul palcoscenico mondiale","datePublished":"2023-06-01T07:15:10+00:00","mainEntityOfPage":{"@id":"https:\/\/comoacqua.it\/comunicati-stampa\/tra-crisi-climatica-e-umanitaria-il-ruolo-dellacqua-sul-palcoscenico-mondiale\/"},"wordCount":1050,"commentCount":0,"publisher":{"@id":"https:\/\/comoacqua.it\/#organization"},"image":{"@id":"https:\/\/comoacqua.it\/comunicati-stampa\/tra-crisi-climatica-e-umanitaria-il-ruolo-dellacqua-sul-palcoscenico-mondiale\/#primaryimage"},"thumbnailUrl":"","articleSection":["Comunicati Stampa"],"inLanguage":"en-US","potentialAction":[{"@type":"CommentAction","name":"Comment","target":["https:\/\/comoacqua.it\/comunicati-stampa\/tra-crisi-climatica-e-umanitaria-il-ruolo-dellacqua-sul-palcoscenico-mondiale\/#respond"]}]},{"@type":"WebPage","@id":"https:\/\/comoacqua.it\/comunicati-stampa\/tra-crisi-climatica-e-umanitaria-il-ruolo-dellacqua-sul-palcoscenico-mondiale\/","url":"https:\/\/comoacqua.it\/comunicati-stampa\/tra-crisi-climatica-e-umanitaria-il-ruolo-dellacqua-sul-palcoscenico-mondiale\/","name":"BETWEEN CLIMATE and HUMANITARIAN CRISIS: the role of water on the world stage | ComoAcqua","isPartOf":{"@id":"https:\/\/comoacqua.it\/#website"},"primaryImageOfPage":{"@id":"https:\/\/comoacqua.it\/comunicati-stampa\/tra-crisi-climatica-e-umanitaria-il-ruolo-dellacqua-sul-palcoscenico-mondiale\/#primaryimage"},"image":{"@id":"https:\/\/comoacqua.it\/comunicati-stampa\/tra-crisi-climatica-e-umanitaria-il-ruolo-dellacqua-sul-palcoscenico-mondiale\/#primaryimage"},"thumbnailUrl":"","datePublished":"2023-06-01T07:15:10+00:00","breadcrumb":{"@id":"https:\/\/comoacqua.it\/comunicati-stampa\/tra-crisi-climatica-e-umanitaria-il-ruolo-dellacqua-sul-palcoscenico-mondiale\/#breadcrumb"},"inLanguage":"en-US","potentialAction":[{"@type":"ReadAction","target":["https:\/\/comoacqua.it\/comunicati-stampa\/tra-crisi-climatica-e-umanitaria-il-ruolo-dellacqua-sul-palcoscenico-mondiale\/"]}]},{"@type":"ImageObject","inLanguage":"en-US","@id":"https:\/\/comoacqua.it\/comunicati-stampa\/tra-crisi-climatica-e-umanitaria-il-ruolo-dellacqua-sul-palcoscenico-mondiale\/#primaryimage","url":"","contentUrl":""},{"@type":"BreadcrumbList","@id":"https:\/\/comoacqua.it\/comunicati-stampa\/tra-crisi-climatica-e-umanitaria-il-ruolo-dellacqua-sul-palcoscenico-mondiale\/#breadcrumb","itemListElement":[{"@type":"ListItem","position":1,"name":"Home","item":"https:\/\/comoacqua.it\/"},{"@type":"ListItem","position":2,"name":"TRA CRISI CLIMATICA e UMANITARIA: il ruolo dell\u2019acqua sul palcoscenico mondiale"}]},{"@type":"WebSite","@id":"https:\/\/comoacqua.it\/#website","url":"https:\/\/comoacqua.it\/","name":"Como Water","description":"","publisher":{"@id":"https:\/\/comoacqua.it\/#organization"},"potentialAction":[{"@type":"SearchAction","target":{"@type":"EntryPoint","urlTemplate":"https:\/\/comoacqua.it\/?s={search_term_string}"},"query-input":{"@type":"PropertyValueSpecification","valueRequired":true,"valueName":"search_term_string"}}],"inLanguage":"en-US"},{"@type":"Organization","@id":"https:\/\/comoacqua.it\/#organization","name":"Como Water","url":"https:\/\/comoacqua.it\/","logo":{"@type":"ImageObject","inLanguage":"en-US","@id":"https:\/\/comoacqua.it\/#\/schema\/logo\/image\/","url":"https:\/\/comoacqua.it\/wp-content\/uploads\/2025\/06\/favicon_como_acqua.png","contentUrl":"https:\/\/comoacqua.it\/wp-content\/uploads\/2025\/06\/favicon_como_acqua.png","width":500,"height":500,"caption":"Como Acqua"},"image":{"@id":"https:\/\/comoacqua.it\/#\/schema\/logo\/image\/"},"sameAs":["https:\/\/www.facebook.com\/ComoAcquaSrl","https:\/\/www.instagram.com\/comoacqua\/","https:\/\/www.linkedin.com\/company\/como-acqua-srl\/","https:\/\/www.youtube.com\/channel\/UC4_J4Hda70rY_REO8K5Ec8g"]},{"@type":"Person","@id":"https:\/\/comoacqua.it\/#\/schema\/person\/b01b84de63809668c26a3845c1ebec10","name":"Francesca","image":{"@type":"ImageObject","inLanguage":"en-US","@id":"https:\/\/secure.gravatar.com\/avatar\/a122407ababb4fe7c485a5093fcff54d997eb8095ded214700caad42d7f422ea?s=96&d=mm&r=g","url":"https:\/\/secure.gravatar.com\/avatar\/a122407ababb4fe7c485a5093fcff54d997eb8095ded214700caad42d7f422ea?s=96&d=mm&r=g","contentUrl":"https:\/\/secure.gravatar.com\/avatar\/a122407ababb4fe7c485a5093fcff54d997eb8095ded214700caad42d7f422ea?s=96&d=mm&r=g","caption":"Francesca"}}]}},"_links":{"self":[{"href":"https:\/\/comoacqua.it\/en\/wp-json\/wp\/v2\/posts\/13448","targetHints":{"allow":["GET"]}}],"collection":[{"href":"https:\/\/comoacqua.it\/en\/wp-json\/wp\/v2\/posts"}],"about":[{"href":"https:\/\/comoacqua.it\/en\/wp-json\/wp\/v2\/types\/post"}],"author":[{"embeddable":true,"href":"https:\/\/comoacqua.it\/en\/wp-json\/wp\/v2\/users\/4"}],"replies":[{"embeddable":true,"href":"https:\/\/comoacqua.it\/en\/wp-json\/wp\/v2\/comments?post=13448"}],"version-history":[{"count":0,"href":"https:\/\/comoacqua.it\/en\/wp-json\/wp\/v2\/posts\/13448\/revisions"}],"wp:featuredmedia":[{"embeddable":true,"href":"https:\/\/comoacqua.it\/en\/wp-json\/"}],"wp:attachment":[{"href":"https:\/\/comoacqua.it\/en\/wp-json\/wp\/v2\/media?parent=13448"}],"wp:term":[{"taxonomy":"category","embeddable":true,"href":"https:\/\/comoacqua.it\/en\/wp-json\/wp\/v2\/categories?post=13448"},{"taxonomy":"post_tag","embeddable":true,"href":"https:\/\/comoacqua.it\/en\/wp-json\/wp\/v2\/tags?post=13448"}],"curies":[{"name":"wp","href":"https:\/\/api.w.org\/{rel}","templated":true}]}}