{"id":13327,"date":"2023-05-16T13:21:57","date_gmt":"2023-05-16T11:21:57","guid":{"rendered":"https:\/\/comoacqua.it\/?p=13327"},"modified":"2023-05-16T13:21:57","modified_gmt":"2023-05-16T11:21:57","slug":"water-wars-water-as-a-source-of-life-and-cause-of-war","status":"publish","type":"post","link":"https:\/\/comoacqua.it\/en\/comunicati-stampa\/water-wars-lacqua-come-fonte-di-vita-e-causa-di-guerra\/","title":{"rendered":"WATER WARS &#8211; L\u2019acqua come fonte di vita e causa di guerra."},"content":{"rendered":"<p class=\"\"><strong>L\u2019impegno di Como Acqua, Gestore Unico del Servizio Idrico Integrato, si traduce anche in un convegno di geopolitica, con il Ministro Locatelli. L\u2019appuntamento a Villa Gallia, marted\u00ec 30 maggio dalle ore 17.00<\/strong><\/p>\n\n\n\n<p class=\"\">Marted\u00ec 30 maggio dalle ore 17.00 alle ore 19.00, presso Villa Gallia, Como Acqua organizza un convegno dall\u2019emblematico titolo \u201cWater Wars &#8211; L\u2019acqua come fonte di vita e causa di guerra\u201d. Oltre all\u2019Ing. Enrico Pezzoli, Presidente e AD del Gestore, il panel annovera relatori di grande prestigio: Alessandra Locatelli (Ministro per le Disabilit\u00e0), la Professoressa Maria Cristina Rulli (del Politecnico di Milano), Mirko Mussetti (analista di Limes) e Sorinel Ghetau (direttore dei programmi di Oxfam Italia).<\/p>\n\n\n\n<p class=\"\">Con i loro preziosi contributi, verr\u00e0 inquadrata la questione della scarsit\u00e0 idrica e la differenza che vi \u00e8 tra questa e la siccit\u00e0, intesa come fenomeno prettamente meteroclimatico, andando ad approfondire le connessioni che tali problemi possono avere sullo scenario globale. Non sono nuove le ricerche e gli studi, infatti, che dimostrano come si debbano rileggere le questioni del climate change, della crescita demografica e della penuria della risorsa idrica in una chiave di stretta interconnessione.<\/p>\n\n\n\n<p class=\"\">\u201c<em>Questo incontro, ideato e organizzato da Como Acqua, ha come finalit\u00e0 di portare il dibattito sulla crisi idrica ad un pubblico quanto pi\u00f9 possibile vasto ed eterogeneo\u201d, <\/em>Enrico Pezzoli explains. <em>\u201cIntendiamo fornire strumenti di analisi e riflessione che possano incentivare i singoli a comprendere come l\u2019emergenza idrica che noi stessi stiamo vivendo negli ultimi anni a livello locale, abbia un respiro ben pi\u00f9 ampio e che, per questo, richieda un contributo concreto e fattivo collettivo. Come Gestori del SII il nostro impegno riguarda la tutela e valorizzazione dell\u2019acqua, con interventi di manutenzione e investimenti sul network, ma anche un\u2019opera di sensibilizzazione verso il consumatore. Per questo abbiamo intenzione di spingere anche sul fronte della comunicazione, organizzando ulteriori convegni ed eventi di questo tipo<\/em>\u201d.<\/p>\n\n\n\n<p class=\"\">Non solo. L\u2019impegno di Como Acqua va anche nel concreto, grazie alla raccolta fondi organizzata per sostenere \u201cDona acqua, salva una vita\u201d, il progetto con il quale Oxfam interviene portando acqua potabile nelle zone colpite dalla siccit\u00e0 per via della guerra (come in Ucraina), a causa di calamit\u00e0 naturali (vedi il terremoto tra Turchia e Siria) o per l\u2019aggravarsi della crisi climatica (il Corno d\u2019Africa). Basta anche una piccola donazione per fare la differenza, come si vede sulla pagina ufficiale dell\u2019iniziativa: <a href=\"https:\/\/www.oxfamitalia.org\/como-acqua\">https:\/\/www.oxfamitalia.org\/como-acqua<\/a>.<\/p>\n\n\n\n<p class=\"\">\u201cNon tutti lo sanno, ma nelle situazioni di guerra sono proprio gli acquedotti a essere colpiti come primi obiettivi, perch\u00e9 in questo modo si pu\u00f2 mettere in ginocchio un intero territorio. La scarsit\u00e0 di acqua in varie zone del mondo non fa che aggravare questo problema: si parla di \u00aboro blu\u00bb proprio perch\u00e9 il controllo della risorsa garantisce ricchezza e potere. Gi\u00e0 oggi molte guerre sono scatenate dall\u2019acqua e in futuro succeder\u00e0 sempre pi\u00f9 spesso: nel convegno spiegheremo questa dinamica, con molti esempi concreti, a partire dallo strettissimo legame tra il controllo dei bacini idrici e le sorti dei diversi paesi sul piano agricolo, alimentare ed economico\u201d, spiega Enrico Pezzoli.<\/p>\n\n\n\n<p class=\"\">Nel corso dell\u2019evento, aperto al pubblico, verr\u00e0 esaminata la complessit\u00e0 di uno scenario globale nel quale la crisi idrica, divenuta un\u2019infausta compagna delle nostre vite, determina condizioni di tensioni a livello sociale, economico e culturale. Non mancheranno riferimenti storici alle circa 1.300 guerre \u201cidriche\u201d che, dal conflitto sumero tra la citt\u00e0 di Urlama e quella di Unma, sono arrivate ai giorni nostri. Lo scenario ucraino diventa l\u2019ennesima riprova di come l\u2019acqua sia un tema centrale. Quello che in tempi di pace \u00e8 il bene per eccellenza (per il suo impiego in agricoltura, ma anche per la logistica e quindi l\u2019export delle merci lungo le vie fluviali e per la vita in genere delle comunit\u00e0), in guerra diventa fronte di combattimento, strumento per mettere in ginocchio il nemico pianificando allagamenti, distruggendo le infrastrutture civili, mettendo a rischio il sicuro funzionamento delle centrali nucleari.<\/p>\n\n\n\n<p class=\"\">Pare quindi trovare conferma la tesi esposta nel 2019 sulla rivista \u201cNature\u201d, secondo la quale il clima sarebbe destinato a diventare un importante fattore di rischio per lo scoppio di guerre: nell\u2019indagine si giungeva persino a calcolare che, nell\u2019evenienza di un aumento di 4 gradi della temperatura media, il pericolo di nuovi conflitti sarebbe cresciuto del 26%. Che vi sia o meno una connessione tra il cambiamento climatico e le varie manifestazioni di violenza, \u00e8 certo che il climate change e la siccit\u00e0 mettono a rischio le forniture idriche pubbliche, minacciano la biodiversit\u00e0, danneggiano le infrastrutture, minano la food security (ossia la certezza di disporre di cibo), determinano un pericolo per la salute umana (con ripercussioni di natura sociale) e riducono la produzione energetica. Prendere in esame questi temi ed elaborare strategie di risposta diviene la priorit\u00e0 nell\u2019agenda mondiale, come si \u00e8 ribadito nel corso della seconda edizione della Water Conference organizzata recentemente dall\u2019ONU nel 2023 a New York, alla quale Pezzoli ha partecipato come membro del board di APE \u2013 Aqua Publica Europea.<\/p>\n\n\n\n<p class=\"\">Il convegno \u201cWater Wars\u201d \u00e8 a ingresso libero e sar\u00e0 seguito da un rinfresco: \u00e8 gradita la prenotazione scrivendo a comunicazione@comoacqua.it<\/p>","protected":false},"excerpt":{"rendered":"<p>L\u2019impegno di Como Acqua, Gestore Unico del Servizio Idrico Integrato, si traduce anche in un convegno di geopolitica, con il Ministro Locatelli. L\u2019appuntamento a Villa Gallia, marted\u00ec 30 maggio dalle ore 17.00 Marted\u00ec 30 maggio dalle ore 17.00 alle ore 19.00, presso Villa Gallia, Como Acqua organizza un convegno dall\u2019emblematico titolo \u201cWater Wars &#8211; L\u2019acqua [&hellip;]<\/p>\n","protected":false},"author":4,"featured_media":0,"comment_status":"open","ping_status":"open","sticky":false,"template":"","format":"standard","meta":{"_acf_changed":false,"footnotes":""},"categories":[178],"tags":[],"class_list":["post-13327","post","type-post","status-publish","format-standard","hentry","category-comunicati-stampa","entry"],"acf":[],"yoast_head":"<!-- This site is optimized with the Yoast SEO plugin v27.5 - https:\/\/yoast.com\/product\/yoast-seo-wordpress\/ -->\n<title>WATER WARS - L\u2019acqua come fonte di vita e causa di guerra. | ComoAcqua<\/title>\n<meta name=\"robots\" content=\"index, follow, max-snippet:-1, max-image-preview:large, max-video-preview:-1\" \/>\n<link rel=\"canonical\" href=\"https:\/\/comoacqua.it\/en\/press-releases\/water-wars-water-as-a-source-of-life-and-cause-of-war\/\" \/>\n<meta property=\"og:locale\" content=\"en_US\" \/>\n<meta property=\"og:type\" content=\"article\" \/>\n<meta property=\"og:title\" content=\"WATER WARS - L\u2019acqua come fonte di vita e causa di guerra. | ComoAcqua\" \/>\n<meta property=\"og:description\" content=\"L\u2019impegno di Como Acqua, Gestore Unico del Servizio Idrico Integrato, si traduce anche in un convegno di geopolitica, con il Ministro Locatelli. L\u2019appuntamento a Villa Gallia, marted\u00ec 30 maggio dalle ore 17.00 Marted\u00ec 30 maggio dalle ore 17.00 alle ore 19.00, presso Villa Gallia, Como Acqua organizza un convegno dall\u2019emblematico titolo \u201cWater Wars &#8211; L\u2019acqua [&hellip;]\" \/>\n<meta property=\"og:url\" content=\"https:\/\/comoacqua.it\/en\/press-releases\/water-wars-water-as-a-source-of-life-and-cause-of-war\/\" \/>\n<meta property=\"og:site_name\" content=\"ComoAcqua\" \/>\n<meta property=\"article:publisher\" content=\"https:\/\/www.facebook.com\/ComoAcquaSrl\" \/>\n<meta property=\"article:published_time\" content=\"2023-05-16T11:21:57+00:00\" \/>\n<meta property=\"og:image\" content=\"https:\/\/comoacqua.it\/wp-content\/uploads\/2025\/07\/OG-image_1200x630-1.png\" \/>\n\t<meta property=\"og:image:width\" content=\"1200\" \/>\n\t<meta property=\"og:image:height\" content=\"630\" \/>\n\t<meta property=\"og:image:type\" content=\"image\/png\" \/>\n<meta name=\"author\" content=\"Francesca\" \/>\n<meta name=\"twitter:card\" content=\"summary_large_image\" \/>\n<meta name=\"twitter:label1\" content=\"Written by\" \/>\n\t<meta name=\"twitter:data1\" content=\"Francesca\" \/>\n\t<meta name=\"twitter:label2\" content=\"Est. reading time\" \/>\n\t<meta name=\"twitter:data2\" content=\"5 minutes\" \/>\n<script type=\"application\/ld+json\" class=\"yoast-schema-graph\">{\"@context\":\"https:\\\/\\\/schema.org\",\"@graph\":[{\"@type\":\"Article\",\"@id\":\"https:\\\/\\\/comoacqua.it\\\/comunicati-stampa\\\/water-wars-lacqua-come-fonte-di-vita-e-causa-di-guerra\\\/#article\",\"isPartOf\":{\"@id\":\"https:\\\/\\\/comoacqua.it\\\/comunicati-stampa\\\/water-wars-lacqua-come-fonte-di-vita-e-causa-di-guerra\\\/\"},\"author\":{\"name\":\"Francesca\",\"@id\":\"https:\\\/\\\/comoacqua.it\\\/#\\\/schema\\\/person\\\/b01b84de63809668c26a3845c1ebec10\"},\"headline\":\"WATER WARS &#8211; L\u2019acqua come fonte di vita e causa di guerra.\",\"datePublished\":\"2023-05-16T11:21:57+00:00\",\"mainEntityOfPage\":{\"@id\":\"https:\\\/\\\/comoacqua.it\\\/comunicati-stampa\\\/water-wars-lacqua-come-fonte-di-vita-e-causa-di-guerra\\\/\"},\"wordCount\":860,\"commentCount\":0,\"publisher\":{\"@id\":\"https:\\\/\\\/comoacqua.it\\\/#organization\"},\"articleSection\":[\"Comunicati Stampa\"],\"inLanguage\":\"en-US\",\"potentialAction\":[{\"@type\":\"CommentAction\",\"name\":\"Comment\",\"target\":[\"https:\\\/\\\/comoacqua.it\\\/comunicati-stampa\\\/water-wars-lacqua-come-fonte-di-vita-e-causa-di-guerra\\\/#respond\"]}]},{\"@type\":\"WebPage\",\"@id\":\"https:\\\/\\\/comoacqua.it\\\/comunicati-stampa\\\/water-wars-lacqua-come-fonte-di-vita-e-causa-di-guerra\\\/\",\"url\":\"https:\\\/\\\/comoacqua.it\\\/comunicati-stampa\\\/water-wars-lacqua-come-fonte-di-vita-e-causa-di-guerra\\\/\",\"name\":\"WATER WARS - L\u2019acqua come fonte di vita e causa di guerra. | ComoAcqua\",\"isPartOf\":{\"@id\":\"https:\\\/\\\/comoacqua.it\\\/#website\"},\"datePublished\":\"2023-05-16T11:21:57+00:00\",\"breadcrumb\":{\"@id\":\"https:\\\/\\\/comoacqua.it\\\/comunicati-stampa\\\/water-wars-lacqua-come-fonte-di-vita-e-causa-di-guerra\\\/#breadcrumb\"},\"inLanguage\":\"en-US\",\"potentialAction\":[{\"@type\":\"ReadAction\",\"target\":[\"https:\\\/\\\/comoacqua.it\\\/comunicati-stampa\\\/water-wars-lacqua-come-fonte-di-vita-e-causa-di-guerra\\\/\"]}]},{\"@type\":\"BreadcrumbList\",\"@id\":\"https:\\\/\\\/comoacqua.it\\\/comunicati-stampa\\\/water-wars-lacqua-come-fonte-di-vita-e-causa-di-guerra\\\/#breadcrumb\",\"itemListElement\":[{\"@type\":\"ListItem\",\"position\":1,\"name\":\"Home\",\"item\":\"https:\\\/\\\/comoacqua.it\\\/\"},{\"@type\":\"ListItem\",\"position\":2,\"name\":\"WATER WARS &#8211; L\u2019acqua come fonte di vita e causa di guerra.\"}]},{\"@type\":\"WebSite\",\"@id\":\"https:\\\/\\\/comoacqua.it\\\/#website\",\"url\":\"https:\\\/\\\/comoacqua.it\\\/\",\"name\":\"Como Acqua\",\"description\":\"\",\"publisher\":{\"@id\":\"https:\\\/\\\/comoacqua.it\\\/#organization\"},\"potentialAction\":[{\"@type\":\"SearchAction\",\"target\":{\"@type\":\"EntryPoint\",\"urlTemplate\":\"https:\\\/\\\/comoacqua.it\\\/?s={search_term_string}\"},\"query-input\":{\"@type\":\"PropertyValueSpecification\",\"valueRequired\":true,\"valueName\":\"search_term_string\"}}],\"inLanguage\":\"en-US\"},{\"@type\":\"Organization\",\"@id\":\"https:\\\/\\\/comoacqua.it\\\/#organization\",\"name\":\"Como Acqua\",\"url\":\"https:\\\/\\\/comoacqua.it\\\/\",\"logo\":{\"@type\":\"ImageObject\",\"inLanguage\":\"en-US\",\"@id\":\"https:\\\/\\\/comoacqua.it\\\/#\\\/schema\\\/logo\\\/image\\\/\",\"url\":\"https:\\\/\\\/comoacqua.it\\\/wp-content\\\/uploads\\\/2025\\\/06\\\/favicon_como_acqua.png\",\"contentUrl\":\"https:\\\/\\\/comoacqua.it\\\/wp-content\\\/uploads\\\/2025\\\/06\\\/favicon_como_acqua.png\",\"width\":500,\"height\":500,\"caption\":\"Como Acqua\"},\"image\":{\"@id\":\"https:\\\/\\\/comoacqua.it\\\/#\\\/schema\\\/logo\\\/image\\\/\"},\"sameAs\":[\"https:\\\/\\\/www.facebook.com\\\/ComoAcquaSrl\",\"https:\\\/\\\/www.instagram.com\\\/comoacqua\\\/\",\"https:\\\/\\\/www.linkedin.com\\\/company\\\/como-acqua-srl\\\/\",\"https:\\\/\\\/www.youtube.com\\\/channel\\\/UC4_J4Hda70rY_REO8K5Ec8g\"]},{\"@type\":\"Person\",\"@id\":\"https:\\\/\\\/comoacqua.it\\\/#\\\/schema\\\/person\\\/b01b84de63809668c26a3845c1ebec10\",\"name\":\"Francesca\",\"image\":{\"@type\":\"ImageObject\",\"inLanguage\":\"en-US\",\"@id\":\"https:\\\/\\\/secure.gravatar.com\\\/avatar\\\/a122407ababb4fe7c485a5093fcff54d997eb8095ded214700caad42d7f422ea?s=96&d=mm&r=g\",\"url\":\"https:\\\/\\\/secure.gravatar.com\\\/avatar\\\/a122407ababb4fe7c485a5093fcff54d997eb8095ded214700caad42d7f422ea?s=96&d=mm&r=g\",\"contentUrl\":\"https:\\\/\\\/secure.gravatar.com\\\/avatar\\\/a122407ababb4fe7c485a5093fcff54d997eb8095ded214700caad42d7f422ea?s=96&d=mm&r=g\",\"caption\":\"Francesca\"}}]}<\/script>\n<!-- \/ Yoast SEO plugin. -->","yoast_head_json":{"title":"WATER WARS - Water as a source of life and a cause of war. | ComoAcqua","robots":{"index":"index","follow":"follow","max-snippet":"max-snippet:-1","max-image-preview":"max-image-preview:large","max-video-preview":"max-video-preview:-1"},"canonical":"https:\/\/comoacqua.it\/en\/press-releases\/water-wars-water-as-a-source-of-life-and-cause-of-war\/","og_locale":"en_US","og_type":"article","og_title":"WATER WARS - L\u2019acqua come fonte di vita e causa di guerra. | ComoAcqua","og_description":"L\u2019impegno di Como Acqua, Gestore Unico del Servizio Idrico Integrato, si traduce anche in un convegno di geopolitica, con il Ministro Locatelli. L\u2019appuntamento a Villa Gallia, marted\u00ec 30 maggio dalle ore 17.00 Marted\u00ec 30 maggio dalle ore 17.00 alle ore 19.00, presso Villa Gallia, Como Acqua organizza un convegno dall\u2019emblematico titolo \u201cWater Wars &#8211; L\u2019acqua [&hellip;]","og_url":"https:\/\/comoacqua.it\/en\/press-releases\/water-wars-water-as-a-source-of-life-and-cause-of-war\/","og_site_name":"ComoAcqua","article_publisher":"https:\/\/www.facebook.com\/ComoAcquaSrl","article_published_time":"2023-05-16T11:21:57+00:00","og_image":[{"width":1200,"height":630,"url":"https:\/\/comoacqua.it\/wp-content\/uploads\/2025\/07\/OG-image_1200x630-1.png","type":"image\/png"}],"author":"Francesca","twitter_card":"summary_large_image","twitter_misc":{"Written by":"Francesca","Est. reading time":"5 minutes"},"schema":{"@context":"https:\/\/schema.org","@graph":[{"@type":"Article","@id":"https:\/\/comoacqua.it\/comunicati-stampa\/water-wars-lacqua-come-fonte-di-vita-e-causa-di-guerra\/#article","isPartOf":{"@id":"https:\/\/comoacqua.it\/comunicati-stampa\/water-wars-lacqua-come-fonte-di-vita-e-causa-di-guerra\/"},"author":{"name":"Francesca","@id":"https:\/\/comoacqua.it\/#\/schema\/person\/b01b84de63809668c26a3845c1ebec10"},"headline":"WATER WARS &#8211; L\u2019acqua come fonte di vita e causa di guerra.","datePublished":"2023-05-16T11:21:57+00:00","mainEntityOfPage":{"@id":"https:\/\/comoacqua.it\/comunicati-stampa\/water-wars-lacqua-come-fonte-di-vita-e-causa-di-guerra\/"},"wordCount":860,"commentCount":0,"publisher":{"@id":"https:\/\/comoacqua.it\/#organization"},"articleSection":["Comunicati Stampa"],"inLanguage":"en-US","potentialAction":[{"@type":"CommentAction","name":"Comment","target":["https:\/\/comoacqua.it\/comunicati-stampa\/water-wars-lacqua-come-fonte-di-vita-e-causa-di-guerra\/#respond"]}]},{"@type":"WebPage","@id":"https:\/\/comoacqua.it\/comunicati-stampa\/water-wars-lacqua-come-fonte-di-vita-e-causa-di-guerra\/","url":"https:\/\/comoacqua.it\/comunicati-stampa\/water-wars-lacqua-come-fonte-di-vita-e-causa-di-guerra\/","name":"WATER WARS - Water as a source of life and a cause of war. | ComoAcqua","isPartOf":{"@id":"https:\/\/comoacqua.it\/#website"},"datePublished":"2023-05-16T11:21:57+00:00","breadcrumb":{"@id":"https:\/\/comoacqua.it\/comunicati-stampa\/water-wars-lacqua-come-fonte-di-vita-e-causa-di-guerra\/#breadcrumb"},"inLanguage":"en-US","potentialAction":[{"@type":"ReadAction","target":["https:\/\/comoacqua.it\/comunicati-stampa\/water-wars-lacqua-come-fonte-di-vita-e-causa-di-guerra\/"]}]},{"@type":"BreadcrumbList","@id":"https:\/\/comoacqua.it\/comunicati-stampa\/water-wars-lacqua-come-fonte-di-vita-e-causa-di-guerra\/#breadcrumb","itemListElement":[{"@type":"ListItem","position":1,"name":"Home","item":"https:\/\/comoacqua.it\/"},{"@type":"ListItem","position":2,"name":"WATER WARS &#8211; L\u2019acqua come fonte di vita e causa di guerra."}]},{"@type":"WebSite","@id":"https:\/\/comoacqua.it\/#website","url":"https:\/\/comoacqua.it\/","name":"Como Water","description":"","publisher":{"@id":"https:\/\/comoacqua.it\/#organization"},"potentialAction":[{"@type":"SearchAction","target":{"@type":"EntryPoint","urlTemplate":"https:\/\/comoacqua.it\/?s={search_term_string}"},"query-input":{"@type":"PropertyValueSpecification","valueRequired":true,"valueName":"search_term_string"}}],"inLanguage":"en-US"},{"@type":"Organization","@id":"https:\/\/comoacqua.it\/#organization","name":"Como Water","url":"https:\/\/comoacqua.it\/","logo":{"@type":"ImageObject","inLanguage":"en-US","@id":"https:\/\/comoacqua.it\/#\/schema\/logo\/image\/","url":"https:\/\/comoacqua.it\/wp-content\/uploads\/2025\/06\/favicon_como_acqua.png","contentUrl":"https:\/\/comoacqua.it\/wp-content\/uploads\/2025\/06\/favicon_como_acqua.png","width":500,"height":500,"caption":"Como Acqua"},"image":{"@id":"https:\/\/comoacqua.it\/#\/schema\/logo\/image\/"},"sameAs":["https:\/\/www.facebook.com\/ComoAcquaSrl","https:\/\/www.instagram.com\/comoacqua\/","https:\/\/www.linkedin.com\/company\/como-acqua-srl\/","https:\/\/www.youtube.com\/channel\/UC4_J4Hda70rY_REO8K5Ec8g"]},{"@type":"Person","@id":"https:\/\/comoacqua.it\/#\/schema\/person\/b01b84de63809668c26a3845c1ebec10","name":"Francesca","image":{"@type":"ImageObject","inLanguage":"en-US","@id":"https:\/\/secure.gravatar.com\/avatar\/a122407ababb4fe7c485a5093fcff54d997eb8095ded214700caad42d7f422ea?s=96&d=mm&r=g","url":"https:\/\/secure.gravatar.com\/avatar\/a122407ababb4fe7c485a5093fcff54d997eb8095ded214700caad42d7f422ea?s=96&d=mm&r=g","contentUrl":"https:\/\/secure.gravatar.com\/avatar\/a122407ababb4fe7c485a5093fcff54d997eb8095ded214700caad42d7f422ea?s=96&d=mm&r=g","caption":"Francesca"}}]}},"_links":{"self":[{"href":"https:\/\/comoacqua.it\/en\/wp-json\/wp\/v2\/posts\/13327","targetHints":{"allow":["GET"]}}],"collection":[{"href":"https:\/\/comoacqua.it\/en\/wp-json\/wp\/v2\/posts"}],"about":[{"href":"https:\/\/comoacqua.it\/en\/wp-json\/wp\/v2\/types\/post"}],"author":[{"embeddable":true,"href":"https:\/\/comoacqua.it\/en\/wp-json\/wp\/v2\/users\/4"}],"replies":[{"embeddable":true,"href":"https:\/\/comoacqua.it\/en\/wp-json\/wp\/v2\/comments?post=13327"}],"version-history":[{"count":0,"href":"https:\/\/comoacqua.it\/en\/wp-json\/wp\/v2\/posts\/13327\/revisions"}],"wp:attachment":[{"href":"https:\/\/comoacqua.it\/en\/wp-json\/wp\/v2\/media?parent=13327"}],"wp:term":[{"taxonomy":"category","embeddable":true,"href":"https:\/\/comoacqua.it\/en\/wp-json\/wp\/v2\/categories?post=13327"},{"taxonomy":"post_tag","embeddable":true,"href":"https:\/\/comoacqua.it\/en\/wp-json\/wp\/v2\/tags?post=13327"}],"curies":[{"name":"wp","href":"https:\/\/api.w.org\/{rel}","templated":true}]}}