{"id":13094,"date":"2023-04-06T15:12:22","date_gmt":"2023-04-06T13:12:22","guid":{"rendered":"https:\/\/comoacqua.it\/?p=13094"},"modified":"2023-04-06T15:12:22","modified_gmt":"2023-04-06T13:12:22","slug":"mariano-comense-at-full-biogas","status":"publish","type":"post","link":"https:\/\/comoacqua.it\/en\/comunicati-stampa\/mariano-comense-a-tutto-biogas\/","title":{"rendered":"Mariano Comense at full biogas"},"content":{"rendered":"<p class=\"\"><strong>\u00c8 stato presentato il progetto dell\u2019impianto di trattamento e valorizzazione di forsu e fanghi, un\u2019opera innovativa capace di generare energia green: servir\u00e0 tutta la provincia<\/strong><\/p>\n\n\n\n<p class=\"\">Mercoled\u00ec 5 aprile, alle ore 20.45, la Sala civica di Piazza Roma a Mariano Comense ha ospitato un incontro pubblico per la presentazione dell\u2019impianto di biogas che verr\u00e0 realizzato presso il depuratore di Como Acqua, all\u2019interno del Parco delle Groane.<\/p>\n\n\n\n<p class=\"\">Dinnanzi alla cittadinanza si sono le diverse voci istituzionali, pronte a raccontare lo sviluppo, le caratteristiche e le finalit\u00e0 di questo progetto finanziato anche da contributo PNRR, pari a ben 10 milioni di euro.<\/p>\n\n\n\n<p class=\"\">Il sindaco di Mariano Comense, Giovanni Alberti, ha spiegato: \u201cIl progetto che presentiamo oggi fa seguito ai tanti altri interventi di tutela dell\u2019ambiente che si sono succeduti in questi anni nella nostra cittadina. Proprio per la nostra attenzione e cura sul tema, ci siamo trovati perfettamente in linea con il progetto elaborato da Como Acqua. Grazie al futuro impianto siamo certi non solo di dare un contributo significativo al territorio comasco, ma anche di poter rappresentare un esempio concreto e positivo di economia circolare\u201d.<\/p>\n\n\n\n<p class=\"\">Emiliano Campi, Presidente del Parco delle Groane, ha sottolineato come il nuovo impianto diverr\u00e0 parte della riserva, con alcuni accorgimenti studiati per integrarlo nel contesto verde preesistente: \u201c<em>Questo intervento, non abbiamo dubbi, sar\u00e0 occasione per valorizzazione il Parco delle Groane. \u00c8 stato infatti studiato con dovizia di particolari e assoluta attenzione non solo sul lato di efficienza, ma anche nel pieno rispetto del contesto naturale. Ogni elemento \u00e8 stato elaborato per superare i pi\u00f9 rigidi test di impatto ambientale, al fine di non intaccare l\u2019ecosistema locale esistente<\/em>\u201d.<\/p>\n\n\n\n<p class=\"\">Si \u00e8 parlato a pieno diritto di \u201csvolta green\u201d: il progetto \u00e8 nato per trattare e valorizzare i rifiuti solidi urbani (\u201cforsu\u201d, ovvero il cosiddetto \u201cumido\u201d) ed i fanghi della depurazione, per ottenere energia rinnovabile e amica dell\u2019ambiente.<\/p>\n\n\n\n<p class=\"\">Proprio per spiegare in che modo rifiuti e scarti possano trovare nuova vita, \u00e8 intervenuto il Presidente di Service 24 Ambiente, Massimo Di Domenico: \u201c<em>Grazie a questo progetto siamo riusciti a far dialogare ambiti produttivi molto diversi ed estremamente verticali (acqua, rifiuti, energia, mobilit\u00e0), facendo s\u00ec che lo scarto di uno potesse rivelarsi materia prima per l\u2019altro. La circolarit\u00e0 \u00e8 anche questo: saper operare sinergicamente per ottimizzare le gestioni, e cambiare paradigmi tradizionali a favore di nuove cooperazioni<\/em>\u201d.<\/p>\n\n\n\n<p class=\"\">\u201c<em>La piattaforma di trattamento e valorizzazione dei fanghi e forsu far\u00e0 propri i principi di circolarit\u00e0, prossimit\u00e0 e autosussistenza. Dei banali rifiuti troveranno infatti nuova destinazione, permettendo la produzione di biogas: verranno trattati in loco, evitando quindi trasporti onerosi in termini economici e inquinanti, e inoltre permettendo l\u2019alimentazione in autonomia dello stesso impianto<\/em>\u201d, ha aggiunto il Presidente dell\u2019unica societ\u00e0 a capitale pubblico della Provincia di Como nel settore della gestione dei rifiuti e dell\u2019igiene urbana.<\/p>\n\n\n\n<p class=\"\">Il progetto \u00e8 motivo di orgoglio per il territorio in quanto classificatosi primo tra quelli di quest\u2019ambito che hanno conseguito i finanziamenti del PNRR in Lombardia. Nella sua progettazione e conseguente realizzazione sintetizza perfettamente l\u2019efficienza gestionale, l\u2019innovazione tecnologica, ma anche una sensibilit\u00e0 ambientale spiccata.<\/p>\n\n\n\n<p class=\"\">La descrizione tecnica circa il funzionamento della piattaforma \u00e8 stata affidata all\u2019Ing. Enrico Pezzoli, Presidente e AD di Como Acqua. Il pubblico ha potuto quindi comprendere come fanghi, forsu e rifiuto verde \u2013 trattati grazie ad un processo di digestione anaerobica \u2013 possano produrre fanghi di buona qualit\u00e0, compost per l\u2019agricoltura e biogas. Quest\u2019ultimo trover\u00e0 successivamente impiegato nella produzione in loco dell\u2019energia termica ed elettrica necessarie a coprire il fabbisogno dello stesso impianto. Il surplus invece sar\u00e0 raffinato e, sottoforma di biometano, potr\u00e0 alimentare la flotta di Como Acqua e Service 24 Ambiente, oltre che essere immesso nella rete pubblica del gas.<\/p>\n\n\n\n<p class=\"\">\u201c<em>Con questo progetto non inseguiamo un\u2019utopia, ma facciamo nostra la sfida alla sostenibilit\u00e0 e circolarit\u00e0. Il contributo del PNRR \u00e8 stato sicuramente importante, nonch\u00e9 motivo di soddisfazione, ma la societ\u00e0 aveva gi\u00e0 deciso di avviare questo intervento in ogni caso, perch\u00e9 cos\u00ec convinta della bont\u00e0 del progetto da inserirlo nel proprio piano green 2022\/2026<\/em>\u201d, ha spiegato Pezzoli.<\/p>\n\n\n\n<p class=\"\">\u201c<em>Siamo stati coraggiosi? Direi che siamo stati previdenti, avendo compreso come la direzione green sia la sola da intraprendere e sia percorribile con competenze e tecnologie all\u2019avanguardia. Ci stiamo muovendo in anticipo rispetto alle direttive europee che, entro il 2030, imporranno ai depuratori di divenire impianti a emissioni-zero<\/em>\u201d, ha aggiunto il Presidente e AD del Gestore unico del servizio idrico della Provincia di Como, che serve oltre 570.000 cittadini, in ben 144 comuni del territorio.<\/p>\n\n\n\n<p class=\"\">\u00c8 stato poi lasciato spazio al pubblico, intervenuto numeroso. Attraverso varie domande, i cittadini presenti alla serata si sono dimostrati attenti e curiosi di comprendere al meglio come funzioner\u00e0 l\u2019impianto, quali benefici garantir\u00e0 al territorio (non solo del comune, ma di tutta la provincia), in che tempistiche vedr\u00e0 la luce la piattaforma e quali tecnologie e tecniche verranno adottate. L\u2019auspicio \u00e8 che il concreto risultato ottenuto a Mariano Comense, grazie a una virtuosa sinergia tra ente pubblico e societ\u00e0 <em>in-house<\/em>, sia di ispirazione per altri interventi analoghi, votati alla promozione di un\u2019economia sostenibile e circolare.<\/p>\n\n\n\n<p class=\"\">At this link, the mission that inspired the project:\u00a0\u00a0\u00a0\u00a0<br><a href=\"https:\/\/www.youtube.com\/watch?v=PIbh6epgAJ4\">https:\/\/www.youtube.com\/watch?v=PIbh6epgAJ4<\/a><\/p>\n\n\n\n<p class=\"\"><\/p>\n\n\n\n<p class=\"\"><\/p>\n\n\n\n<p class=\"\"><\/p>\n\n\n\n<p class=\"\"><\/p>\n\n\n\n<p class=\"\"><\/p>\n\n\n\n<p class=\"\"><\/p>\n\n\n\n<p class=\"\"><\/p>\n\n\n\n<p class=\"\"><\/p>\n\n\n\n<p class=\"\"><\/p>","protected":false},"excerpt":{"rendered":"<p>\u00c8 stato presentato il progetto dell\u2019impianto di trattamento e valorizzazione di forsu e fanghi, un\u2019opera innovativa capace di generare energia green: servir\u00e0 tutta la provincia Mercoled\u00ec 5 aprile, alle ore 20.45, la Sala civica di Piazza Roma a Mariano Comense ha ospitato un incontro pubblico per la presentazione dell\u2019impianto di biogas che verr\u00e0 realizzato presso [&hellip;]<\/p>\n","protected":false},"author":4,"featured_media":0,"comment_status":"closed","ping_status":"closed","sticky":false,"template":"","format":"standard","meta":{"_acf_changed":false,"footnotes":""},"categories":[178],"tags":[],"class_list":["post-13094","post","type-post","status-publish","format-standard","hentry","category-comunicati-stampa","entry"],"acf":[],"yoast_head":"<!-- This site is optimized with the Yoast SEO plugin v27.5 - https:\/\/yoast.com\/product\/yoast-seo-wordpress\/ -->\n<title>Mariano Comense a tutto biogas | ComoAcqua<\/title>\n<meta name=\"robots\" content=\"index, follow, max-snippet:-1, max-image-preview:large, max-video-preview:-1\" \/>\n<link rel=\"canonical\" href=\"https:\/\/comoacqua.it\/en\/press-releases\/mariano-comense-at-full-biogas\/\" \/>\n<meta property=\"og:locale\" content=\"en_US\" \/>\n<meta property=\"og:type\" content=\"article\" \/>\n<meta property=\"og:title\" content=\"Mariano Comense a tutto biogas | ComoAcqua\" \/>\n<meta property=\"og:description\" content=\"\u00c8 stato presentato il progetto dell\u2019impianto di trattamento e valorizzazione di forsu e fanghi, un\u2019opera innovativa capace di generare energia green: servir\u00e0 tutta la provincia Mercoled\u00ec 5 aprile, alle ore 20.45, la Sala civica di Piazza Roma a Mariano Comense ha ospitato un incontro pubblico per la presentazione dell\u2019impianto di biogas che verr\u00e0 realizzato presso [&hellip;]\" \/>\n<meta property=\"og:url\" content=\"https:\/\/comoacqua.it\/en\/press-releases\/mariano-comense-at-full-biogas\/\" \/>\n<meta property=\"og:site_name\" content=\"ComoAcqua\" \/>\n<meta property=\"article:publisher\" content=\"https:\/\/www.facebook.com\/ComoAcquaSrl\" \/>\n<meta property=\"article:published_time\" content=\"2023-04-06T13:12:22+00:00\" \/>\n<meta property=\"og:image\" content=\"https:\/\/comoacqua.it\/wp-content\/uploads\/2025\/07\/OG-image_1200x630-1.png\" \/>\n\t<meta property=\"og:image:width\" content=\"1200\" \/>\n\t<meta property=\"og:image:height\" content=\"630\" \/>\n\t<meta property=\"og:image:type\" content=\"image\/png\" \/>\n<meta name=\"author\" content=\"Francesca\" \/>\n<meta name=\"twitter:card\" content=\"summary_large_image\" \/>\n<meta name=\"twitter:label1\" content=\"Written by\" \/>\n\t<meta name=\"twitter:data1\" content=\"Francesca\" \/>\n\t<meta name=\"twitter:label2\" content=\"Est. reading time\" \/>\n\t<meta name=\"twitter:data2\" content=\"5 minutes\" \/>\n<script type=\"application\/ld+json\" class=\"yoast-schema-graph\">{\"@context\":\"https:\\\/\\\/schema.org\",\"@graph\":[{\"@type\":\"Article\",\"@id\":\"https:\\\/\\\/comoacqua.it\\\/comunicati-stampa\\\/mariano-comense-a-tutto-biogas\\\/#article\",\"isPartOf\":{\"@id\":\"https:\\\/\\\/comoacqua.it\\\/comunicati-stampa\\\/mariano-comense-a-tutto-biogas\\\/\"},\"author\":{\"name\":\"Francesca\",\"@id\":\"https:\\\/\\\/comoacqua.it\\\/#\\\/schema\\\/person\\\/b01b84de63809668c26a3845c1ebec10\"},\"headline\":\"Mariano Comense a tutto biogas\",\"datePublished\":\"2023-04-06T13:12:22+00:00\",\"mainEntityOfPage\":{\"@id\":\"https:\\\/\\\/comoacqua.it\\\/comunicati-stampa\\\/mariano-comense-a-tutto-biogas\\\/\"},\"wordCount\":858,\"publisher\":{\"@id\":\"https:\\\/\\\/comoacqua.it\\\/#organization\"},\"articleSection\":[\"Comunicati Stampa\"],\"inLanguage\":\"en-US\"},{\"@type\":\"WebPage\",\"@id\":\"https:\\\/\\\/comoacqua.it\\\/comunicati-stampa\\\/mariano-comense-a-tutto-biogas\\\/\",\"url\":\"https:\\\/\\\/comoacqua.it\\\/comunicati-stampa\\\/mariano-comense-a-tutto-biogas\\\/\",\"name\":\"Mariano Comense a tutto biogas | ComoAcqua\",\"isPartOf\":{\"@id\":\"https:\\\/\\\/comoacqua.it\\\/#website\"},\"datePublished\":\"2023-04-06T13:12:22+00:00\",\"breadcrumb\":{\"@id\":\"https:\\\/\\\/comoacqua.it\\\/comunicati-stampa\\\/mariano-comense-a-tutto-biogas\\\/#breadcrumb\"},\"inLanguage\":\"en-US\",\"potentialAction\":[{\"@type\":\"ReadAction\",\"target\":[\"https:\\\/\\\/comoacqua.it\\\/comunicati-stampa\\\/mariano-comense-a-tutto-biogas\\\/\"]}]},{\"@type\":\"BreadcrumbList\",\"@id\":\"https:\\\/\\\/comoacqua.it\\\/comunicati-stampa\\\/mariano-comense-a-tutto-biogas\\\/#breadcrumb\",\"itemListElement\":[{\"@type\":\"ListItem\",\"position\":1,\"name\":\"Home\",\"item\":\"https:\\\/\\\/comoacqua.it\\\/\"},{\"@type\":\"ListItem\",\"position\":2,\"name\":\"Mariano Comense a tutto biogas\"}]},{\"@type\":\"WebSite\",\"@id\":\"https:\\\/\\\/comoacqua.it\\\/#website\",\"url\":\"https:\\\/\\\/comoacqua.it\\\/\",\"name\":\"Como Acqua\",\"description\":\"\",\"publisher\":{\"@id\":\"https:\\\/\\\/comoacqua.it\\\/#organization\"},\"potentialAction\":[{\"@type\":\"SearchAction\",\"target\":{\"@type\":\"EntryPoint\",\"urlTemplate\":\"https:\\\/\\\/comoacqua.it\\\/?s={search_term_string}\"},\"query-input\":{\"@type\":\"PropertyValueSpecification\",\"valueRequired\":true,\"valueName\":\"search_term_string\"}}],\"inLanguage\":\"en-US\"},{\"@type\":\"Organization\",\"@id\":\"https:\\\/\\\/comoacqua.it\\\/#organization\",\"name\":\"Como Acqua\",\"url\":\"https:\\\/\\\/comoacqua.it\\\/\",\"logo\":{\"@type\":\"ImageObject\",\"inLanguage\":\"en-US\",\"@id\":\"https:\\\/\\\/comoacqua.it\\\/#\\\/schema\\\/logo\\\/image\\\/\",\"url\":\"https:\\\/\\\/comoacqua.it\\\/wp-content\\\/uploads\\\/2025\\\/06\\\/favicon_como_acqua.png\",\"contentUrl\":\"https:\\\/\\\/comoacqua.it\\\/wp-content\\\/uploads\\\/2025\\\/06\\\/favicon_como_acqua.png\",\"width\":500,\"height\":500,\"caption\":\"Como Acqua\"},\"image\":{\"@id\":\"https:\\\/\\\/comoacqua.it\\\/#\\\/schema\\\/logo\\\/image\\\/\"},\"sameAs\":[\"https:\\\/\\\/www.facebook.com\\\/ComoAcquaSrl\",\"https:\\\/\\\/www.instagram.com\\\/comoacqua\\\/\",\"https:\\\/\\\/www.linkedin.com\\\/company\\\/como-acqua-srl\\\/\",\"https:\\\/\\\/www.youtube.com\\\/channel\\\/UC4_J4Hda70rY_REO8K5Ec8g\"]},{\"@type\":\"Person\",\"@id\":\"https:\\\/\\\/comoacqua.it\\\/#\\\/schema\\\/person\\\/b01b84de63809668c26a3845c1ebec10\",\"name\":\"Francesca\",\"image\":{\"@type\":\"ImageObject\",\"inLanguage\":\"en-US\",\"@id\":\"https:\\\/\\\/secure.gravatar.com\\\/avatar\\\/a122407ababb4fe7c485a5093fcff54d997eb8095ded214700caad42d7f422ea?s=96&d=mm&r=g\",\"url\":\"https:\\\/\\\/secure.gravatar.com\\\/avatar\\\/a122407ababb4fe7c485a5093fcff54d997eb8095ded214700caad42d7f422ea?s=96&d=mm&r=g\",\"contentUrl\":\"https:\\\/\\\/secure.gravatar.com\\\/avatar\\\/a122407ababb4fe7c485a5093fcff54d997eb8095ded214700caad42d7f422ea?s=96&d=mm&r=g\",\"caption\":\"Francesca\"}}]}<\/script>\n<!-- \/ Yoast SEO plugin. -->","yoast_head_json":{"title":"Mariano Comense at full biogas | ComoAcqua","robots":{"index":"index","follow":"follow","max-snippet":"max-snippet:-1","max-image-preview":"max-image-preview:large","max-video-preview":"max-video-preview:-1"},"canonical":"https:\/\/comoacqua.it\/en\/press-releases\/mariano-comense-at-full-biogas\/","og_locale":"en_US","og_type":"article","og_title":"Mariano Comense a tutto biogas | ComoAcqua","og_description":"\u00c8 stato presentato il progetto dell\u2019impianto di trattamento e valorizzazione di forsu e fanghi, un\u2019opera innovativa capace di generare energia green: servir\u00e0 tutta la provincia Mercoled\u00ec 5 aprile, alle ore 20.45, la Sala civica di Piazza Roma a Mariano Comense ha ospitato un incontro pubblico per la presentazione dell\u2019impianto di biogas che verr\u00e0 realizzato presso [&hellip;]","og_url":"https:\/\/comoacqua.it\/en\/press-releases\/mariano-comense-at-full-biogas\/","og_site_name":"ComoAcqua","article_publisher":"https:\/\/www.facebook.com\/ComoAcquaSrl","article_published_time":"2023-04-06T13:12:22+00:00","og_image":[{"width":1200,"height":630,"url":"https:\/\/comoacqua.it\/wp-content\/uploads\/2025\/07\/OG-image_1200x630-1.png","type":"image\/png"}],"author":"Francesca","twitter_card":"summary_large_image","twitter_misc":{"Written by":"Francesca","Est. reading time":"5 minutes"},"schema":{"@context":"https:\/\/schema.org","@graph":[{"@type":"Article","@id":"https:\/\/comoacqua.it\/comunicati-stampa\/mariano-comense-a-tutto-biogas\/#article","isPartOf":{"@id":"https:\/\/comoacqua.it\/comunicati-stampa\/mariano-comense-a-tutto-biogas\/"},"author":{"name":"Francesca","@id":"https:\/\/comoacqua.it\/#\/schema\/person\/b01b84de63809668c26a3845c1ebec10"},"headline":"Mariano Comense a tutto biogas","datePublished":"2023-04-06T13:12:22+00:00","mainEntityOfPage":{"@id":"https:\/\/comoacqua.it\/comunicati-stampa\/mariano-comense-a-tutto-biogas\/"},"wordCount":858,"publisher":{"@id":"https:\/\/comoacqua.it\/#organization"},"articleSection":["Comunicati Stampa"],"inLanguage":"en-US"},{"@type":"WebPage","@id":"https:\/\/comoacqua.it\/comunicati-stampa\/mariano-comense-a-tutto-biogas\/","url":"https:\/\/comoacqua.it\/comunicati-stampa\/mariano-comense-a-tutto-biogas\/","name":"Mariano Comense at full biogas | ComoAcqua","isPartOf":{"@id":"https:\/\/comoacqua.it\/#website"},"datePublished":"2023-04-06T13:12:22+00:00","breadcrumb":{"@id":"https:\/\/comoacqua.it\/comunicati-stampa\/mariano-comense-a-tutto-biogas\/#breadcrumb"},"inLanguage":"en-US","potentialAction":[{"@type":"ReadAction","target":["https:\/\/comoacqua.it\/comunicati-stampa\/mariano-comense-a-tutto-biogas\/"]}]},{"@type":"BreadcrumbList","@id":"https:\/\/comoacqua.it\/comunicati-stampa\/mariano-comense-a-tutto-biogas\/#breadcrumb","itemListElement":[{"@type":"ListItem","position":1,"name":"Home","item":"https:\/\/comoacqua.it\/"},{"@type":"ListItem","position":2,"name":"Mariano Comense a tutto biogas"}]},{"@type":"WebSite","@id":"https:\/\/comoacqua.it\/#website","url":"https:\/\/comoacqua.it\/","name":"Como Water","description":"","publisher":{"@id":"https:\/\/comoacqua.it\/#organization"},"potentialAction":[{"@type":"SearchAction","target":{"@type":"EntryPoint","urlTemplate":"https:\/\/comoacqua.it\/?s={search_term_string}"},"query-input":{"@type":"PropertyValueSpecification","valueRequired":true,"valueName":"search_term_string"}}],"inLanguage":"en-US"},{"@type":"Organization","@id":"https:\/\/comoacqua.it\/#organization","name":"Como Water","url":"https:\/\/comoacqua.it\/","logo":{"@type":"ImageObject","inLanguage":"en-US","@id":"https:\/\/comoacqua.it\/#\/schema\/logo\/image\/","url":"https:\/\/comoacqua.it\/wp-content\/uploads\/2025\/06\/favicon_como_acqua.png","contentUrl":"https:\/\/comoacqua.it\/wp-content\/uploads\/2025\/06\/favicon_como_acqua.png","width":500,"height":500,"caption":"Como Acqua"},"image":{"@id":"https:\/\/comoacqua.it\/#\/schema\/logo\/image\/"},"sameAs":["https:\/\/www.facebook.com\/ComoAcquaSrl","https:\/\/www.instagram.com\/comoacqua\/","https:\/\/www.linkedin.com\/company\/como-acqua-srl\/","https:\/\/www.youtube.com\/channel\/UC4_J4Hda70rY_REO8K5Ec8g"]},{"@type":"Person","@id":"https:\/\/comoacqua.it\/#\/schema\/person\/b01b84de63809668c26a3845c1ebec10","name":"Francesca","image":{"@type":"ImageObject","inLanguage":"en-US","@id":"https:\/\/secure.gravatar.com\/avatar\/a122407ababb4fe7c485a5093fcff54d997eb8095ded214700caad42d7f422ea?s=96&d=mm&r=g","url":"https:\/\/secure.gravatar.com\/avatar\/a122407ababb4fe7c485a5093fcff54d997eb8095ded214700caad42d7f422ea?s=96&d=mm&r=g","contentUrl":"https:\/\/secure.gravatar.com\/avatar\/a122407ababb4fe7c485a5093fcff54d997eb8095ded214700caad42d7f422ea?s=96&d=mm&r=g","caption":"Francesca"}}]}},"_links":{"self":[{"href":"https:\/\/comoacqua.it\/en\/wp-json\/wp\/v2\/posts\/13094","targetHints":{"allow":["GET"]}}],"collection":[{"href":"https:\/\/comoacqua.it\/en\/wp-json\/wp\/v2\/posts"}],"about":[{"href":"https:\/\/comoacqua.it\/en\/wp-json\/wp\/v2\/types\/post"}],"author":[{"embeddable":true,"href":"https:\/\/comoacqua.it\/en\/wp-json\/wp\/v2\/users\/4"}],"replies":[{"embeddable":true,"href":"https:\/\/comoacqua.it\/en\/wp-json\/wp\/v2\/comments?post=13094"}],"version-history":[{"count":0,"href":"https:\/\/comoacqua.it\/en\/wp-json\/wp\/v2\/posts\/13094\/revisions"}],"wp:attachment":[{"href":"https:\/\/comoacqua.it\/en\/wp-json\/wp\/v2\/media?parent=13094"}],"wp:term":[{"taxonomy":"category","embeddable":true,"href":"https:\/\/comoacqua.it\/en\/wp-json\/wp\/v2\/categories?post=13094"},{"taxonomy":"post_tag","embeddable":true,"href":"https:\/\/comoacqua.it\/en\/wp-json\/wp\/v2\/tags?post=13094"}],"curies":[{"name":"wp","href":"https:\/\/api.w.org\/{rel}","templated":true}]}}